{"id":151981,"date":"2024-06-02T11:02:25","date_gmt":"2024-06-02T14:02:25","guid":{"rendered":"https:\/\/corrientesdetarde.com\/?p=151981"},"modified":"2024-06-02T11:02:37","modified_gmt":"2024-06-02T14:02:37","slug":"bien-activos-adultos-mayores-mostraron-sus-dotes-artisticos-en-el-parque-eucaliptal","status":"publish","type":"post","link":"https:\/\/corrientesdetarde.com\/index.php\/bienestar-y-salud\/bien-activos-adultos-mayores-mostraron-sus-dotes-artisticos-en-el-parque-eucaliptal\/","title":{"rendered":"&#8220;Bien Activos&#8221;: adultos mayores \u00a0mostraron sus dotes art\u00edsticos en el parque Eucaliptal"},"content":{"rendered":"\n<p><em>A pura alegr\u00eda y diversi\u00f3n, qui\u00e9nes forman parte de los centros integradores municipales compartieron una jornada de actividades al aire libre en el espacio verde del San Ger\u00f3nimo. Fue el cierre de mayo del programa \u201cBien Activos\u201d, coordinado por la Municipalidad de Corrientes. Participaron los integrantes de los 23 espacios distribuidos en los diferentes barrios de la ciudad.<\/em><\/p>\n\n\n\n<figure class=\"wp-block-embed is-type-video is-provider-youtube wp-block-embed-youtube wp-embed-aspect-16-9 wp-has-aspect-ratio\"><div class=\"wp-block-embed__wrapper\">\n<iframe loading=\"lazy\" title=\"Canto, m\u00fasica y baile en el cierre mensual de actividades del programa \u201cBien Activos\u201d\" width=\"1110\" height=\"624\" src=\"https:\/\/www.youtube.com\/embed\/NU9Dpb3eRXw?feature=oembed\" frameborder=\"0\" allow=\"accelerometer; autoplay; clipboard-write; encrypted-media; gyroscope; picture-in-picture; web-share\" referrerpolicy=\"strict-origin-when-cross-origin\" allowfullscreen><\/iframe>\n<\/div><\/figure>\n\n\n\n<p>Con diferentes atuendos y coreograf\u00edas, los adultos mayores que forman parte de los Centros Integradores de Adultos Mayores municipales (CIAM) hicieron sus presentaciones art\u00edsticas en lo que fue el cierre mensual de actividades del programa \u201cBien Activos\u201d, que impulsa el municipio capitalino.<br><br>La directora general de Adultos Mayores, Celina Thones, detall\u00f3 que \u201ccada grupo present\u00f3 una coreograf\u00eda y trajo su atuendo acorde al tema a presentar. Adem\u00e1s, el CIAM del San Ger\u00f3nimo por ser el anfitri\u00f3n tambi\u00e9n present\u00f3 su coro de adultos mayores\u201d.<\/p>\n\n\n\n<figure class=\"wp-block-image size-large\"><img loading=\"lazy\" decoding=\"async\" width=\"1024\" height=\"681\" src=\"https:\/\/corrientesdetarde.com\/wp-content\/uploads\/2024\/06\/image-6-1024x681.png\" alt=\"\" class=\"wp-image-151984\" srcset=\"https:\/\/corrientesdetarde.com\/wp-content\/uploads\/2024\/06\/image-6-1024x681.png 1024w, https:\/\/corrientesdetarde.com\/wp-content\/uploads\/2024\/06\/image-6-300x200.png 300w, https:\/\/corrientesdetarde.com\/wp-content\/uploads\/2024\/06\/image-6-768x511.png 768w, https:\/\/corrientesdetarde.com\/wp-content\/uploads\/2024\/06\/image-6.png 1264w\" sizes=\"auto, (max-width: 1024px) 100vw, 1024px\" \/><\/figure>\n\n\n\n<p><br><br>Previamente a las coreograf\u00edas, los adultos mayores participaron de una divertida clase de zumba.Thones, mencion\u00f3 que durante la jornada soleada dijeron presente los integrantes de los espacios integradores municipales distribuidos en 23 barrios capitalinos.<\/p>\n\n\n\n<figure class=\"wp-block-image size-large\"><img loading=\"lazy\" decoding=\"async\" width=\"1024\" height=\"682\" src=\"https:\/\/corrientesdetarde.com\/wp-content\/uploads\/2024\/06\/image-5-1024x682.png\" alt=\"\" class=\"wp-image-151983\" srcset=\"https:\/\/corrientesdetarde.com\/wp-content\/uploads\/2024\/06\/image-5-1024x682.png 1024w, https:\/\/corrientesdetarde.com\/wp-content\/uploads\/2024\/06\/image-5-300x200.png 300w, https:\/\/corrientesdetarde.com\/wp-content\/uploads\/2024\/06\/image-5-768x512.png 768w, https:\/\/corrientesdetarde.com\/wp-content\/uploads\/2024\/06\/image-5.png 1262w\" sizes=\"auto, (max-width: 1024px) 100vw, 1024px\" \/><\/figure>\n\n\n\n<p><br><br>\u201cEn cada CIAM todos los d\u00edas ellos desarrollan distintas actividades, laborterapia, deporte adaptado, tejo, sapo, truco, entre otras, de eso se trata este programa denominado Bien Activos\u201d, detall\u00f3 la directora general.<br><br>\u201cEstamos muy contentos con el trabajo realizado porque cada vez m\u00e1s gente se suma, se acerca, conocen de qu\u00e9 se trata y les gusta, por eso se quedan\u201d, resalt\u00f3 la funcionaria, al tiempo que record\u00f3 que quienes deseen sumarse a alg\u00fan centro, de manera gratuita, deben dirigirse a las oficinas ubicadas en Catamarca 771, de lunes a viernes de 8 a 12.<br><br>CANTO A LA VIDA<br><br>Entre las participantes de la clase de zumba estaba Luli, que con sus contoneos y despliegue coreogr\u00e1fico nadie creer\u00eda que a sus casi 70 a\u00f1os atraves\u00f3 18 operaciones, \u201centre ellas dos del coraz\u00f3n\u201d, remarc\u00f3.\u00a0<br><br>Es vecina del barrio Nuevo, y lleg\u00f3 con su grupo llamado \u201cSue\u00f1o gigante\u201d hasta el parque para disfrutar y compartir junto a sus pares. \u201cSiempre estaba enferma, estuve 4 meses sin caminar, los doctores me dijeron que iba a quedarme en silla de ruedas, y ac\u00e1 estoy disfrutando y diciendo presente en este encuentro, como siempre\u201d, expres\u00f3 con una energ\u00eda y vitalidad admirable.<br><br>Rosa Ipr\u00eddimo tampoco quiso perderse este encuentro, a\u00fan m\u00e1s teniendo en cuenta que en este cierre de mes su barrio, el San Ger\u00f3nimo, es el anfitri\u00f3n. Apoyada en su bast\u00f3n aclar\u00f3 que \u201cvamos a cantar y bailar, yo en mi silla nom\u00e1s, pero igual voy a moverme\u201d, dijo entre sonrisas. Forma parte del coro que en la tarde de este viernes enton\u00f3 cl\u00e1sicos del folklore litorale\u00f1o como\u00a0Ba\u00f1ado Norte, Puente Pexoa, Kil\u00f3metro 11 y Puerto Tirol.<br><br>Desde el 2012 participa del CIAM \u201cNuevo Amanecer\u201d, y \u201ccomo el nombre de nuestro centro, para nosotros este espacio es as\u00ed, un nuevo amanecer, a veces no nos sentimos bien, pero venimos y compartimos con otras abuelas y ya estamos mejor\u201d, expres\u00f3 Rosita.<br><br>Coincidente fue Ana Mar\u00eda Moreno, quien consider\u00f3 que el centro al que acude en el barrio San Roque \u201ces una bendici\u00f3n; con mi marido estamos solos en casa y esto es una distracci\u00f3n hermosa, pasamos espectacular, practicamos danza, folklore, yoga, de todo un poco\u201d, expres\u00f3, mientras se preparaba junto al resto de los integrantes para hacer la coreo de un carnavalito, vestidos con la camiseta de la selecci\u00f3n argentina.<\/p>\n\n\n\n<figure class=\"wp-block-image size-large\"><img loading=\"lazy\" decoding=\"async\" width=\"1024\" height=\"676\" src=\"https:\/\/corrientesdetarde.com\/wp-content\/uploads\/2024\/06\/image-7-1024x676.png\" alt=\"\" class=\"wp-image-151985\" srcset=\"https:\/\/corrientesdetarde.com\/wp-content\/uploads\/2024\/06\/image-7-1024x676.png 1024w, https:\/\/corrientesdetarde.com\/wp-content\/uploads\/2024\/06\/image-7-300x198.png 300w, https:\/\/corrientesdetarde.com\/wp-content\/uploads\/2024\/06\/image-7-768x507.png 768w, https:\/\/corrientesdetarde.com\/wp-content\/uploads\/2024\/06\/image-7.png 1269w\" sizes=\"auto, (max-width: 1024px) 100vw, 1024px\" \/><\/figure>\n","protected":false},"excerpt":{"rendered":"<p>A pura alegr\u00eda y diversi\u00f3n, qui\u00e9nes forman parte de los centros integradores municipales compartieron una jornada de actividades al aire libre en el espacio verde del San Ger\u00f3nimo. Fue el&hellip; <\/p>\n","protected":false},"author":4,"featured_media":151982,"comment_status":"closed","ping_status":"open","sticky":false,"template":"","format":"standard","meta":{"footnotes":""},"categories":[23,16],"tags":[],"class_list":["post-151981","post","type-post","status-publish","format-standard","has-post-thumbnail","hentry","category-actualidad","category-bienestar-y-salud"],"_links":{"self":[{"href":"https:\/\/corrientesdetarde.com\/index.php\/wp-json\/wp\/v2\/posts\/151981","targetHints":{"allow":["GET"]}}],"collection":[{"href":"https:\/\/corrientesdetarde.com\/index.php\/wp-json\/wp\/v2\/posts"}],"about":[{"href":"https:\/\/corrientesdetarde.com\/index.php\/wp-json\/wp\/v2\/types\/post"}],"author":[{"embeddable":true,"href":"https:\/\/corrientesdetarde.com\/index.php\/wp-json\/wp\/v2\/users\/4"}],"replies":[{"embeddable":true,"href":"https:\/\/corrientesdetarde.com\/index.php\/wp-json\/wp\/v2\/comments?post=151981"}],"version-history":[{"count":1,"href":"https:\/\/corrientesdetarde.com\/index.php\/wp-json\/wp\/v2\/posts\/151981\/revisions"}],"predecessor-version":[{"id":151986,"href":"https:\/\/corrientesdetarde.com\/index.php\/wp-json\/wp\/v2\/posts\/151981\/revisions\/151986"}],"wp:featuredmedia":[{"embeddable":true,"href":"https:\/\/corrientesdetarde.com\/index.php\/wp-json\/wp\/v2\/media\/151982"}],"wp:attachment":[{"href":"https:\/\/corrientesdetarde.com\/index.php\/wp-json\/wp\/v2\/media?parent=151981"}],"wp:term":[{"taxonomy":"category","embeddable":true,"href":"https:\/\/corrientesdetarde.com\/index.php\/wp-json\/wp\/v2\/categories?post=151981"},{"taxonomy":"post_tag","embeddable":true,"href":"https:\/\/corrientesdetarde.com\/index.php\/wp-json\/wp\/v2\/tags?post=151981"}],"curies":[{"name":"wp","href":"https:\/\/api.w.org\/{rel}","templated":true}]}}