{"id":151987,"date":"2024-06-02T11:42:59","date_gmt":"2024-06-02T14:42:59","guid":{"rendered":"https:\/\/corrientesdetarde.com\/?p=151987"},"modified":"2024-06-02T11:56:07","modified_gmt":"2024-06-02T14:56:07","slug":"crimen-de-maxi-aquino-absolvieron-de-culpa-y-cargo-a-josele-altamirano","status":"publish","type":"post","link":"https:\/\/corrientesdetarde.com\/index.php\/actualidad\/crimen-de-maxi-aquino-absolvieron-de-culpa-y-cargo-a-josele-altamirano\/","title":{"rendered":"Crimen de Maxi Aquino: absolvieron de culpa y cargo a &#8220;Josele&#8221; Altamirano"},"content":{"rendered":"\n<p>El Superior Tribunal de Justicia de Corrientes absolvi\u00f3 a Juan Jos\u00e9 Andr\u00e9s &#8220;Josele&#8221; Altamirano del homicidio de Maximiliano Aquino, tras una orden de la Corte Suprema que revoc\u00f3 su condena de 22 a\u00f1os.<\/p>\n\n\n\n<p>El Superior Tribunal de Justicia de Corrientes integrado para este fallo con jueces subrogantes, dio a conocer que &nbsp;absolvi\u00f3 de culpa y cargo a Juan Jos\u00e9 Andr\u00e9s &#8220;Josele&#8221; Altamirano, &nbsp;quien estuvo preso por el homicidio del estudiante universitario de San Roque Maximiliano Aquino, de 22 a\u00f1os.<\/p>\n\n\n\n<p>En 2016, se &nbsp;confirm\u00f3 la condena de 22 a\u00f1os de prisi\u00f3n contra Altamirano, &nbsp;en calidad de coautor material, por el asesinato de Maximiliano Aquino ocurrido en agosto del 2015, en el barrio Aldana de la capital correntina.<\/p>\n\n\n\n<p>A partir de all\u00ed, el abogado defensor, Hermindo Gonzalez, &nbsp;utiliz\u00f3 un recurso extraordinario federal para que lleven el caso a la Corte Suprema de Justicia de la Naci\u00f3n.<\/p>\n\n\n\n<p>&#8220;Yo en su momento, cuando lo condenaron, hab\u00eda interpuesto recurso de casaci\u00f3n ante el Superior Tribunal de Justicia&#8221;.<\/p>\n\n\n\n<p>&nbsp;&#8220;El Superior Tribunal de Justicia me rechaz\u00f3 el recurso de casaci\u00f3n, confirm\u00f3 la sentencia&#8221;, continu\u00f3.&nbsp;<\/p>\n\n\n\n<p>Y explic\u00f3 que &#8220;contra ese rechazo interpuso el recurso extraordinario federal&#8221;.&nbsp;<\/p>\n\n\n\n<p>&#8220;El Superior Tribunal de Justicia me declar\u00f3 inadmisible el recurso extraordinario federal fue fue as\u00ed que fui en queja a la Corte Suprema de Justicia de la Naci\u00f3n y luego de un dictamen favorable a mi parte y bastante lapidario para la sentencia del Procurador General de la Naci\u00f3n, la Corte Suprema de Justicia por unanimidad hizo lugar a la queja y<strong>&nbsp;orden\u00f3 a la justicia de Corrientes revocar la sentencia condenatoria y ordenar la realizaci\u00f3n o el dictado de una nueva sentencia&#8221;,<\/strong>detall\u00f3.&nbsp;<\/p>\n\n\n\n<p>&#8220;Eso motiv\u00f3 en octubre del a\u00f1o pasado la inmediata libertad de Jos\u00e9 Andr\u00e9s Altamirano y que el Superior Tribunal de Justicia llevara adelante una nueva Constituci\u00f3n para tratar el tema&#8221;, agreg\u00f3.<\/p>\n\n\n\n<p>&nbsp;Quienes firmaron la absoluci\u00f3n fueron los miembros subrogantes del m\u00e1ximo tribunal, doctores Mar\u00eda Eugenia Sierra de Desimoni, como presidente, y como vocales los doctores Gustavo Sebastian S\u00e1nchez Mari\u00f1o, Maria Herminia Puig, Diego Roberto N\u00fa\u00f1ez Huel y Ana Del Carmen Figueredo.<\/p>\n\n\n\n<p>&#8220;Esta nueva constituci\u00f3n del Superior Tribunal de Justicia analiz\u00f3 mi recurso de casaci\u00f3n e hizo lugar a todos y cada uno de los puntos que hab\u00eda casado y revoco la sentencia absolviendo de culpa y cargo lisa y llanamente en funci\u00f3n a mi recurso de casaci\u00f3n &nbsp;a Josele Altamirano&#8221;, sostuvo el abogado&nbsp;<\/p>\n\n\n\n<p>Seg\u00fan la sentencia<em>,<\/em>\u00a0se admiti\u00f3 &#8220;el recurso de casaci\u00f3n interpuesto por la defensa de Juan Jos\u00e9 Andr\u00e9s &#8220;Josele&#8221; Altamirano, y en consecuencia, dejar sin efecto la sentencia N\u00b0 141\/2016 del 03 de octubre de 2016 emanada del Tribunal Oral Penal N\u00b0 2 de esta ciudad&#8221;.<\/p>\n\n\n\n<p>Y agrega:&nbsp;<strong>&#8220;Absolver de culpa y cargo a Juan Jos\u00e9 Andr\u00e9s &#8220;Josele&#8221; Altamirano del hecho por el que fue llevado a juicio, conforme lo autorizan las previsiones del art. 4 del CPP y ordenar la libertad, si es que el mismo se encuentra cumpliendo alguna medida de coerci\u00f3n y\/o prisi\u00f3n preventiva&#8221;.<\/strong><\/p>\n","protected":false},"excerpt":{"rendered":"<p>El Superior Tribunal de Justicia de Corrientes absolvi\u00f3 a Juan Jos\u00e9 Andr\u00e9s &#8220;Josele&#8221; Altamirano del homicidio de Maximiliano Aquino, tras una orden de la Corte Suprema que revoc\u00f3 su condena&hellip; <\/p>\n","protected":false},"author":4,"featured_media":151993,"comment_status":"closed","ping_status":"open","sticky":false,"template":"","format":"standard","meta":{"footnotes":""},"categories":[23],"tags":[],"class_list":["post-151987","post","type-post","status-publish","format-standard","has-post-thumbnail","hentry","category-actualidad"],"_links":{"self":[{"href":"https:\/\/corrientesdetarde.com\/index.php\/wp-json\/wp\/v2\/posts\/151987","targetHints":{"allow":["GET"]}}],"collection":[{"href":"https:\/\/corrientesdetarde.com\/index.php\/wp-json\/wp\/v2\/posts"}],"about":[{"href":"https:\/\/corrientesdetarde.com\/index.php\/wp-json\/wp\/v2\/types\/post"}],"author":[{"embeddable":true,"href":"https:\/\/corrientesdetarde.com\/index.php\/wp-json\/wp\/v2\/users\/4"}],"replies":[{"embeddable":true,"href":"https:\/\/corrientesdetarde.com\/index.php\/wp-json\/wp\/v2\/comments?post=151987"}],"version-history":[{"count":1,"href":"https:\/\/corrientesdetarde.com\/index.php\/wp-json\/wp\/v2\/posts\/151987\/revisions"}],"predecessor-version":[{"id":151994,"href":"https:\/\/corrientesdetarde.com\/index.php\/wp-json\/wp\/v2\/posts\/151987\/revisions\/151994"}],"wp:featuredmedia":[{"embeddable":true,"href":"https:\/\/corrientesdetarde.com\/index.php\/wp-json\/wp\/v2\/media\/151993"}],"wp:attachment":[{"href":"https:\/\/corrientesdetarde.com\/index.php\/wp-json\/wp\/v2\/media?parent=151987"}],"wp:term":[{"taxonomy":"category","embeddable":true,"href":"https:\/\/corrientesdetarde.com\/index.php\/wp-json\/wp\/v2\/categories?post=151987"},{"taxonomy":"post_tag","embeddable":true,"href":"https:\/\/corrientesdetarde.com\/index.php\/wp-json\/wp\/v2\/tags?post=151987"}],"curies":[{"name":"wp","href":"https:\/\/api.w.org\/{rel}","templated":true}]}}