{"id":152080,"date":"2024-07-11T03:14:43","date_gmt":"2024-07-11T06:14:43","guid":{"rendered":"https:\/\/corrientesdetarde.com\/?p=152080"},"modified":"2024-07-11T03:14:44","modified_gmt":"2024-07-11T06:14:44","slug":"desarrollo-social-se-reunio-con-el-municipio-de-santo-tome-por-la-linea-102","status":"publish","type":"post","link":"https:\/\/corrientesdetarde.com\/index.php\/sociales\/desarrollo-social-se-reunio-con-el-municipio-de-santo-tome-por-la-linea-102\/","title":{"rendered":"Desarrollo Social se reuni\u00f3 con el Municipio de Santo Tom\u00e9 por la L\u00ednea 102"},"content":{"rendered":"\n<p>El Ministerio de Desarrollo Social de la Provincia, a trav\u00e9s de la Direcci\u00f3n de los Derechos de la Ni\u00f1ez y la Familia y del Proyecto de Promoci\u00f3n y Difusi\u00f3n de la L\u00ednea 102, visit\u00f3 Santo Tom\u00e9 con el objetivo de programar actividades en ese marco. Cabe recordar que es conodia como la &#8220;L\u00ednea de las chicas y los chicos&#8221;, la cual brinda un servicio telef\u00f3nico gratuito y confidencial de escucha, contenci\u00f3n y orientaci\u00f3n para ni\u00f1os, ni\u00f1as y adolescentes al que tambi\u00e9n se puede llamar ante situaciones de vulneraci\u00f3n de sus derechos.<\/p>\n\n\n\n<p>De esta manera, la coordinadora del Proyecto de Promoci\u00f3n y Difusi\u00f3n de la L\u00ednea 102, Ruth Cuellar, se reuni\u00f3 con la referente municipal de esa ciudad en lo que respecta a la iniciativa, Evelyn Piestrak, con el fin de planificar acciones. Durante el encuentro se dialog\u00f3 sobre las propuestas del proyecto, adem\u00e1s del compromiso de&nbsp;seguir trabajando articuladamente en referencia a los servicios de la L\u00ednea 102, y la organizaci\u00f3n de talleres destinados a los ni\u00f1os y adolescentes de Santo Tom\u00e9.<\/p>\n\n\n\n<figure class=\"wp-block-image size-full\"><img loading=\"lazy\" decoding=\"async\" width=\"899\" height=\"593\" src=\"https:\/\/corrientesdetarde.com\/wp-content\/uploads\/2024\/07\/image-22.png\" alt=\"\" class=\"wp-image-152094\" srcset=\"https:\/\/corrientesdetarde.com\/wp-content\/uploads\/2024\/07\/image-22.png 899w, https:\/\/corrientesdetarde.com\/wp-content\/uploads\/2024\/07\/image-22-300x198.png 300w, https:\/\/corrientesdetarde.com\/wp-content\/uploads\/2024\/07\/image-22-768x507.png 768w\" sizes=\"auto, (max-width: 899px) 100vw, 899px\" \/><\/figure>\n","protected":false},"excerpt":{"rendered":"<p>El Ministerio de Desarrollo Social de la Provincia, a trav\u00e9s de la Direcci\u00f3n de los Derechos de la Ni\u00f1ez y la Familia y del Proyecto de Promoci\u00f3n y Difusi\u00f3n de&hellip; <\/p>\n","protected":false},"author":1,"featured_media":152093,"comment_status":"closed","ping_status":"open","sticky":false,"template":"","format":"standard","meta":{"footnotes":""},"categories":[17],"tags":[],"class_list":["post-152080","post","type-post","status-publish","format-standard","has-post-thumbnail","hentry","category-sociales"],"_links":{"self":[{"href":"https:\/\/corrientesdetarde.com\/index.php\/wp-json\/wp\/v2\/posts\/152080","targetHints":{"allow":["GET"]}}],"collection":[{"href":"https:\/\/corrientesdetarde.com\/index.php\/wp-json\/wp\/v2\/posts"}],"about":[{"href":"https:\/\/corrientesdetarde.com\/index.php\/wp-json\/wp\/v2\/types\/post"}],"author":[{"embeddable":true,"href":"https:\/\/corrientesdetarde.com\/index.php\/wp-json\/wp\/v2\/users\/1"}],"replies":[{"embeddable":true,"href":"https:\/\/corrientesdetarde.com\/index.php\/wp-json\/wp\/v2\/comments?post=152080"}],"version-history":[{"count":1,"href":"https:\/\/corrientesdetarde.com\/index.php\/wp-json\/wp\/v2\/posts\/152080\/revisions"}],"predecessor-version":[{"id":152095,"href":"https:\/\/corrientesdetarde.com\/index.php\/wp-json\/wp\/v2\/posts\/152080\/revisions\/152095"}],"wp:featuredmedia":[{"embeddable":true,"href":"https:\/\/corrientesdetarde.com\/index.php\/wp-json\/wp\/v2\/media\/152093"}],"wp:attachment":[{"href":"https:\/\/corrientesdetarde.com\/index.php\/wp-json\/wp\/v2\/media?parent=152080"}],"wp:term":[{"taxonomy":"category","embeddable":true,"href":"https:\/\/corrientesdetarde.com\/index.php\/wp-json\/wp\/v2\/categories?post=152080"},{"taxonomy":"post_tag","embeddable":true,"href":"https:\/\/corrientesdetarde.com\/index.php\/wp-json\/wp\/v2\/tags?post=152080"}],"curies":[{"name":"wp","href":"https:\/\/api.w.org\/{rel}","templated":true}]}}