{"id":152087,"date":"2024-07-11T03:18:10","date_gmt":"2024-07-11T06:18:10","guid":{"rendered":"https:\/\/corrientesdetarde.com\/?p=152087"},"modified":"2024-07-11T03:18:22","modified_gmt":"2024-07-11T06:18:22","slug":"bicicleta-sustraida-a-pareja-que-recorre-el-pais","status":"publish","type":"post","link":"https:\/\/corrientesdetarde.com\/index.php\/crimen-y-justicia\/bicicleta-sustraida-a-pareja-que-recorre-el-pais\/","title":{"rendered":"Bicicleta sustra\u00edda a pareja que recorre el pa\u00eds"},"content":{"rendered":"\n<p>Camila, en declaraciones a Radio Dos, cont\u00f3 que junto a su pareja viaja por Argentina en dos bicicletas.<\/p>\n\n\n\n<p>&#8220;Con mi compa\u00f1ero Juli\u00e1n andamos viajando en bicicleta por Argentina; salimos en enero desde R\u00edo Negro y llegamos ac\u00e1 a Corrientes porque tenemos familia&#8221;, dijo.<\/p>\n\n\n\n<p>&#8220;En la madrugada robaron mi bicicleta; entraron, rompieron una reja, un candado y se llevaron la bicicleta que en ese momento no ten\u00eda todo&#8221;, detall\u00f3.<\/p>\n\n\n\n<p>&#8220;Es una bicicleta negra con algunos detalles amarillos y rojos. La caracteriza un portaequipajes, que quiz\u00e1s no es tan com\u00fan ver en otras bicicletas, porque es justamente donde van colgados los bolsos, y el manubrio que tiene una forma tambi\u00e9n particular, que se llama manubrio mariposa, que no es el convencional&#8221;, agreg\u00f3.<\/p>\n\n\n\n<p>La sustracci\u00f3n ocurri\u00f3 en calle 2 de Abril casi Cosqu\u00edn y la denuncia fue presentada en la Comisar\u00eda S\u00e9ptima.<\/p>\n","protected":false},"excerpt":{"rendered":"<p>Camila, en declaraciones a Radio Dos, cont\u00f3 que junto a su pareja viaja por Argentina en dos bicicletas. &#8220;Con mi compa\u00f1ero Juli\u00e1n andamos viajando en bicicleta por Argentina; salimos en&hellip; <\/p>\n","protected":false},"author":1,"featured_media":152098,"comment_status":"closed","ping_status":"open","sticky":false,"template":"","format":"standard","meta":{"footnotes":""},"categories":[5],"tags":[],"class_list":["post-152087","post","type-post","status-publish","format-standard","has-post-thumbnail","hentry","category-crimen-y-justicia"],"_links":{"self":[{"href":"https:\/\/corrientesdetarde.com\/index.php\/wp-json\/wp\/v2\/posts\/152087","targetHints":{"allow":["GET"]}}],"collection":[{"href":"https:\/\/corrientesdetarde.com\/index.php\/wp-json\/wp\/v2\/posts"}],"about":[{"href":"https:\/\/corrientesdetarde.com\/index.php\/wp-json\/wp\/v2\/types\/post"}],"author":[{"embeddable":true,"href":"https:\/\/corrientesdetarde.com\/index.php\/wp-json\/wp\/v2\/users\/1"}],"replies":[{"embeddable":true,"href":"https:\/\/corrientesdetarde.com\/index.php\/wp-json\/wp\/v2\/comments?post=152087"}],"version-history":[{"count":1,"href":"https:\/\/corrientesdetarde.com\/index.php\/wp-json\/wp\/v2\/posts\/152087\/revisions"}],"predecessor-version":[{"id":152099,"href":"https:\/\/corrientesdetarde.com\/index.php\/wp-json\/wp\/v2\/posts\/152087\/revisions\/152099"}],"wp:featuredmedia":[{"embeddable":true,"href":"https:\/\/corrientesdetarde.com\/index.php\/wp-json\/wp\/v2\/media\/152098"}],"wp:attachment":[{"href":"https:\/\/corrientesdetarde.com\/index.php\/wp-json\/wp\/v2\/media?parent=152087"}],"wp:term":[{"taxonomy":"category","embeddable":true,"href":"https:\/\/corrientesdetarde.com\/index.php\/wp-json\/wp\/v2\/categories?post=152087"},{"taxonomy":"post_tag","embeddable":true,"href":"https:\/\/corrientesdetarde.com\/index.php\/wp-json\/wp\/v2\/tags?post=152087"}],"curies":[{"name":"wp","href":"https:\/\/api.w.org\/{rel}","templated":true}]}}