{"id":152088,"date":"2024-07-11T03:16:45","date_gmt":"2024-07-11T06:16:45","guid":{"rendered":"https:\/\/corrientesdetarde.com\/?p=152088"},"modified":"2024-07-11T03:16:49","modified_gmt":"2024-07-11T06:16:49","slug":"el-coco-basile-sufrio-un-acv-y-fue-internado-tiene-demencia-vascular","status":"publish","type":"post","link":"https:\/\/corrientesdetarde.com\/index.php\/deportes\/el-coco-basile-sufrio-un-acv-y-fue-internado-tiene-demencia-vascular\/","title":{"rendered":"El &#8220;Coco&#8221; Basile sufri\u00f3 un ACV y fue internado: tiene demencia vascular"},"content":{"rendered":"\n<p>Alfio &#8220;Coco&#8221; Basile, \u00eddolo de Racing y ex entrenador de la Selecci\u00f3n nacional debi\u00f3 ser internado en un centro de rehabilitaci\u00f3n tras sufrir un ACV y ser diagnosticado con demencia vascular.<\/p>\n\n\n\n<p><br>Medios partidarios del conjunto de Avellaneda, detallaron que Basile, de 80 a\u00f1os, &#8220;a pesar de la seriedad de su condici\u00f3n est\u00e1 en buen estado, recibiendo cuidados y atenci\u00f3n de profesionales&#8221;.<br>&nbsp;<br>&nbsp;<br>&nbsp;<br>No es la primera vez que el entrenador campe\u00f3n con Racing de la Supercopa 1988 sufre un accidente cerebrovascular. En 2017 tuvo un ACV isqu\u00e9mico por lo que debi\u00f3 ser internado en una cl\u00ednica porte\u00f1a para ser sometido a un chequeo y estuvo internado varios d\u00edas en observaci\u00f3n.<\/p>\n\n\n\n<p><strong>S\u00edntomas de la demencia vascular<\/strong><br>Los s\u00edntomas de la demencia vascular pueden aparecer de repente y progresar lentamente. Algunos signos de la demencia vascular incluyen:<\/p>\n\n\n\n<p>Tener dificultad para realizar tareas que antes eran f\u00e1ciles, como pagar facturas.<br>Tener problemas para seguir instrucciones o aprender informaci\u00f3n o rutinas nuevas.<br>Olvidarse de eventos actuales o pasados.<br>Extraviar art\u00edculos.<br>Perderse en rutas familiares.<br>Tener problemas con el lenguaje, como no encontrar la palabra correcta o usar una palabra incorrecta.<br>Sufrir cambios en los patrones de sue\u00f1o.<br>Tener dificultad para leer y escribir.<br>Perder inter\u00e9s en las cosas o las personas.<br>Mostrar cambios en la personalidad, la conducta y el estado de \u00e1nimo, como depresi\u00f3n, agitaci\u00f3n y enojo.<br>Tener alucinaciones o delirios (creer que algo es real cuando no lo es).<br>Mostrar falta de juicio y p\u00e9rdida de la capacidad para percibir peligros.<\/p>\n","protected":false},"excerpt":{"rendered":"<p>Alfio &#8220;Coco&#8221; Basile, \u00eddolo de Racing y ex entrenador de la Selecci\u00f3n nacional debi\u00f3 ser internado en un centro de rehabilitaci\u00f3n tras sufrir un ACV y ser diagnosticado con demencia&hellip; <\/p>\n","protected":false},"author":1,"featured_media":152096,"comment_status":"closed","ping_status":"open","sticky":false,"template":"","format":"standard","meta":{"footnotes":""},"categories":[4],"tags":[],"class_list":["post-152088","post","type-post","status-publish","format-standard","has-post-thumbnail","hentry","category-deportes"],"_links":{"self":[{"href":"https:\/\/corrientesdetarde.com\/index.php\/wp-json\/wp\/v2\/posts\/152088","targetHints":{"allow":["GET"]}}],"collection":[{"href":"https:\/\/corrientesdetarde.com\/index.php\/wp-json\/wp\/v2\/posts"}],"about":[{"href":"https:\/\/corrientesdetarde.com\/index.php\/wp-json\/wp\/v2\/types\/post"}],"author":[{"embeddable":true,"href":"https:\/\/corrientesdetarde.com\/index.php\/wp-json\/wp\/v2\/users\/1"}],"replies":[{"embeddable":true,"href":"https:\/\/corrientesdetarde.com\/index.php\/wp-json\/wp\/v2\/comments?post=152088"}],"version-history":[{"count":1,"href":"https:\/\/corrientesdetarde.com\/index.php\/wp-json\/wp\/v2\/posts\/152088\/revisions"}],"predecessor-version":[{"id":152097,"href":"https:\/\/corrientesdetarde.com\/index.php\/wp-json\/wp\/v2\/posts\/152088\/revisions\/152097"}],"wp:featuredmedia":[{"embeddable":true,"href":"https:\/\/corrientesdetarde.com\/index.php\/wp-json\/wp\/v2\/media\/152096"}],"wp:attachment":[{"href":"https:\/\/corrientesdetarde.com\/index.php\/wp-json\/wp\/v2\/media?parent=152088"}],"wp:term":[{"taxonomy":"category","embeddable":true,"href":"https:\/\/corrientesdetarde.com\/index.php\/wp-json\/wp\/v2\/categories?post=152088"},{"taxonomy":"post_tag","embeddable":true,"href":"https:\/\/corrientesdetarde.com\/index.php\/wp-json\/wp\/v2\/tags?post=152088"}],"curies":[{"name":"wp","href":"https:\/\/api.w.org\/{rel}","templated":true}]}}