{"id":152100,"date":"2024-07-11T03:22:08","date_gmt":"2024-07-11T06:22:08","guid":{"rendered":"https:\/\/corrientesdetarde.com\/?p=152100"},"modified":"2024-07-11T03:22:20","modified_gmt":"2024-07-11T06:22:20","slug":"parque-ibera-se-registraron-osos-hormigueros-mellizos-por-primera-vez-en-argentina","status":"publish","type":"post","link":"https:\/\/corrientesdetarde.com\/index.php\/medio-ambiente\/parque-ibera-se-registraron-osos-hormigueros-mellizos-por-primera-vez-en-argentina\/","title":{"rendered":"Parque Iber\u00e1: Se registraron osos hormigueros mellizos por primera vez en Argentina"},"content":{"rendered":"\n<p><em>El nacimiento de osos hormigueros gigantes mellizos en Iber\u00e1 marca un r\u00e9cord desde su reintroducci\u00f3n: el nacimiento m\u00faltiple en esta poblaci\u00f3n reintroducida es el primer registro de mellizos de la especie en el pa\u00eds.<\/em><\/p>\n\n\n\n<p>Cada temporada la Fundaci\u00f3n Rewilding Argentina registra nuevos nacimientos, pero recientemente una osa hormiguera dio una sorpresa en el Parque Nacional Iber\u00e1: por primera vez se registr\u00f3 el nacimiento de mellizos, algo muy raro en esta especie, que suele sacar una cr\u00eda a la vez. Si bien la reproducci\u00f3n de dicho animal&nbsp;no es estacional, la mayor parte de los nacimientos suelen ocurrir en invierno, y su gestaci\u00f3n se desarrolla a lo largo de aproximadamente 190 d\u00edas. Una vez que la cr\u00eda nace, se agarra al pelo de la madre para permanecer en su lomo por hasta un a\u00f1o.<\/p>\n\n\n\n<p>La semana pasada, las c\u00e1maras-trampa colocadas en el Parque Iber\u00e1 registraron a la madre con sus dos cr\u00edas en el lomo, un espect\u00e1culo muy singular. En Argentina no hay ning\u00fan registro previo de este tipo, y en vida silvestre solo se conoce&nbsp;un registro de osos hormigueros mellizos que ocurri\u00f3 en el Pantanal Sul en el Mato Groso, en Brasil, donde trabaja la organizaci\u00f3n On\u00e7afari.<\/p>\n\n\n\n<p>El proyecto de reintroducci\u00f3n del Oso Hormiguero Gigante fue el primer proyecto de Rewilding en Iber\u00e1, iniciado en 2007 en Colonia Carlos Pellegrini. Si bien el plan&nbsp;tuvo algunas cr\u00edticas iniciales, fue acompa\u00f1ado por las autoridades, los pobladores locales, muchos cient\u00edficos y actualmente el \u00e9xito del proyecto es evidente y reconocido a nivel mundial.<\/p>\n\n\n\n<p>Al comienzo, la poblaci\u00f3n reintroducida del oso hormiguero gigante se fue expandiendo: ya cuenta con cinco n\u00facleos poblacionales en este gran humedal, y la mayor\u00eda de ellos son autosostenibles, es decir que la poblaci\u00f3n crece por sus propios medios, sin necesidad de liberar m\u00e1s individuos. Varias generaciones ya habitan en el Iber\u00e1, y desde hace un tiempo existen registros a m\u00e1s de 100 kil\u00f3metros de distancia, lo que demuestra que la poblaci\u00f3n reintroducida est\u00e1 creciendo y colonizando otros sectores, incluso Brasil.<\/p>\n\n\n\n<p><strong>Sobre Rewilding Argentina<\/strong><\/p>\n\n\n\n<p>Rewilding Argentina es una fundaci\u00f3n a nivel nacional&nbsp;creada para enfrentar y revertir la crisis de extinci\u00f3n de especies y la consiguiente degradaci\u00f3n ambiental, restaurar el funcionamiento saludable de los ecosistemas y promover el bienestar de las comunidades locales. Formada en 2010 por conservacionistas y activistas argentinos, Rewilding Argentina es heredera del legado de Tompkins Conservation.<\/p>\n\n\n\n<p>Es as\u00ed que desde el organismo&nbsp;contin\u00faan&nbsp;llevando a cabo su trabajo y visi\u00f3n, colaborando con Gobiernos nacionales y provinciales, con organizaciones conservacionistas y sociales, tanto nacionales como internacionales, y con fil\u00e1ntropos argentinos y extranjeros. Para m\u00e1s informaci\u00f3n se puede acudir a&nbsp;<a href=\"http:\/\/rewildingargentina.org\/\" target=\"_blank\" rel=\"noreferrer noopener\">rewildingargentina.org<\/a>.<\/p>\n","protected":false},"excerpt":{"rendered":"<p>El nacimiento de osos hormigueros gigantes mellizos en Iber\u00e1 marca un r\u00e9cord desde su reintroducci\u00f3n: el nacimiento m\u00faltiple en esta poblaci\u00f3n reintroducida es el primer registro de mellizos de la&hellip; <\/p>\n","protected":false},"author":1,"featured_media":152101,"comment_status":"closed","ping_status":"open","sticky":false,"template":"","format":"standard","meta":{"footnotes":""},"categories":[6],"tags":[],"class_list":["post-152100","post","type-post","status-publish","format-standard","has-post-thumbnail","hentry","category-medio-ambiente"],"_links":{"self":[{"href":"https:\/\/corrientesdetarde.com\/index.php\/wp-json\/wp\/v2\/posts\/152100","targetHints":{"allow":["GET"]}}],"collection":[{"href":"https:\/\/corrientesdetarde.com\/index.php\/wp-json\/wp\/v2\/posts"}],"about":[{"href":"https:\/\/corrientesdetarde.com\/index.php\/wp-json\/wp\/v2\/types\/post"}],"author":[{"embeddable":true,"href":"https:\/\/corrientesdetarde.com\/index.php\/wp-json\/wp\/v2\/users\/1"}],"replies":[{"embeddable":true,"href":"https:\/\/corrientesdetarde.com\/index.php\/wp-json\/wp\/v2\/comments?post=152100"}],"version-history":[{"count":1,"href":"https:\/\/corrientesdetarde.com\/index.php\/wp-json\/wp\/v2\/posts\/152100\/revisions"}],"predecessor-version":[{"id":152102,"href":"https:\/\/corrientesdetarde.com\/index.php\/wp-json\/wp\/v2\/posts\/152100\/revisions\/152102"}],"wp:featuredmedia":[{"embeddable":true,"href":"https:\/\/corrientesdetarde.com\/index.php\/wp-json\/wp\/v2\/media\/152101"}],"wp:attachment":[{"href":"https:\/\/corrientesdetarde.com\/index.php\/wp-json\/wp\/v2\/media?parent=152100"}],"wp:term":[{"taxonomy":"category","embeddable":true,"href":"https:\/\/corrientesdetarde.com\/index.php\/wp-json\/wp\/v2\/categories?post=152100"},{"taxonomy":"post_tag","embeddable":true,"href":"https:\/\/corrientesdetarde.com\/index.php\/wp-json\/wp\/v2\/tags?post=152100"}],"curies":[{"name":"wp","href":"https:\/\/api.w.org\/{rel}","templated":true}]}}