{"id":152103,"date":"2024-07-11T03:24:43","date_gmt":"2024-07-11T06:24:43","guid":{"rendered":"https:\/\/corrientesdetarde.com\/?p=152103"},"modified":"2024-07-11T03:24:54","modified_gmt":"2024-07-11T06:24:54","slug":"valdes-recibio-a-la-intendenta-de-parada-pucheta-para-dialogar-sobre-las-obras-que-necesita-esa-comuna","status":"publish","type":"post","link":"https:\/\/corrientesdetarde.com\/index.php\/sociales\/valdes-recibio-a-la-intendenta-de-parada-pucheta-para-dialogar-sobre-las-obras-que-necesita-esa-comuna\/","title":{"rendered":"Vald\u00e9s recibi\u00f3 a la intendenta de Parada Pucheta para dialogar sobre las obras que necesita esa comuna"},"content":{"rendered":"\n<p>El gobernador Gustavo Vald\u00e9s, recibi\u00f3 este mi\u00e9rcoles en su despacho de Casa de Gobierno, a la intendenta de Parada Pucheta, Silvina Osuna con el objetivo de abordar temas que puedan beneficiar al desarrollo de ese municipio. Adem\u00e1s, en su red social el Primer mandatario resalt\u00f3 el trabajo en conjunto que realiza el Gobierno con los municipios en pos de beneficiar a las comunas de la provincia.<\/p>\n\n\n\n<p>En su red social X, Vald\u00e9s comunic\u00f3 que \u201ccon el objetivo de planificar obras que beneficien a la comunidad, recib\u00ed a la intendenta de Parada Pucheta, Silvina Osuna. El trabajo entre el Gobierno de Corrientes y los municipios es crucial para impulsar proyectos que mejoren la infraestructura y la calidad de vida de los vecinos\u201d.<\/p>\n\n\n\n<figure class=\"wp-block-image\"><img decoding=\"async\" src=\"blob:https:\/\/corrientesdetarde.com\/f55e32b0-7551-4bbd-8cf7-05faa9eec532\" alt=\"\"\/><\/figure>\n","protected":false},"excerpt":{"rendered":"<p>El gobernador Gustavo Vald\u00e9s, recibi\u00f3 este mi\u00e9rcoles en su despacho de Casa de Gobierno, a la intendenta de Parada Pucheta, Silvina Osuna con el objetivo de abordar temas que puedan&hellip; <\/p>\n","protected":false},"author":1,"featured_media":152104,"comment_status":"closed","ping_status":"open","sticky":false,"template":"","format":"standard","meta":{"footnotes":""},"categories":[17],"tags":[],"class_list":["post-152103","post","type-post","status-publish","format-standard","has-post-thumbnail","hentry","category-sociales"],"_links":{"self":[{"href":"https:\/\/corrientesdetarde.com\/index.php\/wp-json\/wp\/v2\/posts\/152103","targetHints":{"allow":["GET"]}}],"collection":[{"href":"https:\/\/corrientesdetarde.com\/index.php\/wp-json\/wp\/v2\/posts"}],"about":[{"href":"https:\/\/corrientesdetarde.com\/index.php\/wp-json\/wp\/v2\/types\/post"}],"author":[{"embeddable":true,"href":"https:\/\/corrientesdetarde.com\/index.php\/wp-json\/wp\/v2\/users\/1"}],"replies":[{"embeddable":true,"href":"https:\/\/corrientesdetarde.com\/index.php\/wp-json\/wp\/v2\/comments?post=152103"}],"version-history":[{"count":1,"href":"https:\/\/corrientesdetarde.com\/index.php\/wp-json\/wp\/v2\/posts\/152103\/revisions"}],"predecessor-version":[{"id":152105,"href":"https:\/\/corrientesdetarde.com\/index.php\/wp-json\/wp\/v2\/posts\/152103\/revisions\/152105"}],"wp:featuredmedia":[{"embeddable":true,"href":"https:\/\/corrientesdetarde.com\/index.php\/wp-json\/wp\/v2\/media\/152104"}],"wp:attachment":[{"href":"https:\/\/corrientesdetarde.com\/index.php\/wp-json\/wp\/v2\/media?parent=152103"}],"wp:term":[{"taxonomy":"category","embeddable":true,"href":"https:\/\/corrientesdetarde.com\/index.php\/wp-json\/wp\/v2\/categories?post=152103"},{"taxonomy":"post_tag","embeddable":true,"href":"https:\/\/corrientesdetarde.com\/index.php\/wp-json\/wp\/v2\/tags?post=152103"}],"curies":[{"name":"wp","href":"https:\/\/api.w.org\/{rel}","templated":true}]}}