{"id":152107,"date":"2024-07-11T03:28:24","date_gmt":"2024-07-11T06:28:24","guid":{"rendered":"https:\/\/corrientesdetarde.com\/?p=152107"},"modified":"2024-07-11T03:28:25","modified_gmt":"2024-07-11T06:28:25","slug":"abuso-acusaron-a-los-rugbiers-franceses-de-ejercer-brutal-violencia","status":"publish","type":"post","link":"https:\/\/corrientesdetarde.com\/index.php\/policiales\/abuso-acusaron-a-los-rugbiers-franceses-de-ejercer-brutal-violencia\/","title":{"rendered":"Abuso: acusaron a los rugbiers franceses de ejercer brutal violencia"},"content":{"rendered":"\n<p>Mientras la Justicia mendocina se prepara para imputar de abuso sexual agravado a dos rugbiers del seleccionado franc\u00e9s, en base a \u201cpruebas suficientes\u201d &#8211; seg\u00fan el jefe de los fiscales de Mendoza, Alejandro Gull\u00e9-, la abogada de la v\u00edctima describi\u00f3 como brutal la agresi\u00f3n sufrida en la madrugada del pasado domingo en un hotel de esta ciudad, y dijo que a la denunciante \u201cle pegaron una pi\u00f1a en la cara, la ahorcaron, la abusaron y arrastraron por el suelo\u201d.<br>Se espera la llegada a esta ciudad de los detenidos rugbiers Oscar Jegou, de 20 a\u00f1os, y Hugo Auradou, de 21, donde ser\u00edan formalmente acusados de abuso sexual con acceso carnal agravado por la participaci\u00f3n de dos personas, lo que podr\u00eda implicar penas de hasta 20 a\u00f1os de c\u00e1rcel.<br>Por su parte, el procurador de la Suprema Corte de Justicia de Mendoza, titular del Ministerio P\u00fablico Fiscal, se refiri\u00f3 al caso que tiene en vilo a la provincia y que alcanz\u00f3 repercusi\u00f3n internacional, aunque puso en valor el secreto de sumario, debido a que se trata de un delito contra la integridad sexual y porque los rugbiers a\u00fan no han sido indagados. Sin embargo, dej\u00f3 en claro el trabajo realizado hasta ahora por los funcionarios judiciales que est\u00e1n bajo su \u00f3rbita. \u201cSi libraron la orden de detenci\u00f3n es porque hay pruebas suficientes para avalar en esta instancia la detenci\u00f3n de estas personas y la imputaci\u00f3n que se les va a formular. De manera tal que conf\u00edo absolutamente en el actuar de los fiscales. He visto lo que hay y creo que es suficiente para la altura del proceso que estamos\u201d, se\u00f1al\u00f3 Gull\u00e9.<br>En tanto, Rafael C\u00faneo Libarona, abogado de los jugadores y hermano del ministro de Justicia de la Naci\u00f3n, Mariano C\u00faneo Libarona, lleg\u00f3 a esta provincia y asegur\u00f3 que solicitar\u00e1 pruebas que \u201ccambiar\u00e1n el rumbo de la investigaci\u00f3n\u201d, haciendo hincapi\u00e9 en que se trat\u00f3 de una relaci\u00f3n consentida entre los jugadores y la mujer, de 39 a\u00f1os. \u201cYo le creo a ellos\u201d, dijo el letrado, en base al contacto que tuvo con sus defendidos, quienes le dieron \u201cuna versi\u00f3n absolutamente opuesta a lo que dice la denunciante\u201d.<br>C\u00faneo Libarona indic\u00f3 que la mujer accedi\u00f3 a ir con uno de los rugbiers al hotel c\u00e9ntrico mendocino donde se alojaba el plantel de Les Blues para luego aceptar compartir el encuentro sexual con el otro deportista.<\/p>\n","protected":false},"excerpt":{"rendered":"<p>Mientras la Justicia mendocina se prepara para imputar de abuso sexual agravado a dos rugbiers del seleccionado franc\u00e9s, en base a \u201cpruebas suficientes\u201d &#8211; seg\u00fan el jefe de los fiscales&hellip; <\/p>\n","protected":false},"author":1,"featured_media":152111,"comment_status":"closed","ping_status":"open","sticky":false,"template":"","format":"standard","meta":{"footnotes":""},"categories":[33],"tags":[],"class_list":["post-152107","post","type-post","status-publish","format-standard","has-post-thumbnail","hentry","category-policiales"],"_links":{"self":[{"href":"https:\/\/corrientesdetarde.com\/index.php\/wp-json\/wp\/v2\/posts\/152107","targetHints":{"allow":["GET"]}}],"collection":[{"href":"https:\/\/corrientesdetarde.com\/index.php\/wp-json\/wp\/v2\/posts"}],"about":[{"href":"https:\/\/corrientesdetarde.com\/index.php\/wp-json\/wp\/v2\/types\/post"}],"author":[{"embeddable":true,"href":"https:\/\/corrientesdetarde.com\/index.php\/wp-json\/wp\/v2\/users\/1"}],"replies":[{"embeddable":true,"href":"https:\/\/corrientesdetarde.com\/index.php\/wp-json\/wp\/v2\/comments?post=152107"}],"version-history":[{"count":1,"href":"https:\/\/corrientesdetarde.com\/index.php\/wp-json\/wp\/v2\/posts\/152107\/revisions"}],"predecessor-version":[{"id":152112,"href":"https:\/\/corrientesdetarde.com\/index.php\/wp-json\/wp\/v2\/posts\/152107\/revisions\/152112"}],"wp:featuredmedia":[{"embeddable":true,"href":"https:\/\/corrientesdetarde.com\/index.php\/wp-json\/wp\/v2\/media\/152111"}],"wp:attachment":[{"href":"https:\/\/corrientesdetarde.com\/index.php\/wp-json\/wp\/v2\/media?parent=152107"}],"wp:term":[{"taxonomy":"category","embeddable":true,"href":"https:\/\/corrientesdetarde.com\/index.php\/wp-json\/wp\/v2\/categories?post=152107"},{"taxonomy":"post_tag","embeddable":true,"href":"https:\/\/corrientesdetarde.com\/index.php\/wp-json\/wp\/v2\/tags?post=152107"}],"curies":[{"name":"wp","href":"https:\/\/api.w.org\/{rel}","templated":true}]}}