{"id":152117,"date":"2024-07-11T09:21:30","date_gmt":"2024-07-11T12:21:30","guid":{"rendered":"https:\/\/corrientesdetarde.com\/?p=152117"},"modified":"2024-07-11T09:21:34","modified_gmt":"2024-07-11T12:21:34","slug":"caputo-insistio-en-que-no-devaluara-y-afirmo-antes-que-salir-rapido-del-cepo-hay-que-hacerlo-bien","status":"publish","type":"post","link":"https:\/\/corrientesdetarde.com\/index.php\/economia\/caputo-insistio-en-que-no-devaluara-y-afirmo-antes-que-salir-rapido-del-cepo-hay-que-hacerlo-bien\/","title":{"rendered":"Caputo insisti\u00f3 en que no devaluar\u00e1 y afirm\u00f3: \u201cAntes que salir r\u00e1pido del cepo, hay que hacerlo bien\u201d"},"content":{"rendered":"\n<p>El ministro de Econom\u00eda,<strong>Luis Caputo,<\/strong>\u00a0insisti\u00f3 en que\u00a0<strong>no devaluar\u00e1,<\/strong>\u00a0plante\u00f3: \u201cAntes que salir r\u00e1pido del\u00a0<strong>cepo,<\/strong>\u00a0hay que<strong>\u00a0hacerlo bien\u201d,<\/strong>\u00a0y dijo que espera que la inflaci\u00f3n de junio se ubique<strong>\u00a0por debajo de 5%.<\/strong>\u00a0Consider\u00f3 adem\u00e1s que el pa\u00eds est\u00e1 en una \u201cetapa de recuperaci\u00f3n\u201d, asegur\u00f3 que \u201cse sali\u00f3 de terapia intensiva sin romper contratos\u201d y proyect\u00f3 que \u201cjunio va a sorprender en super\u00e1vit e inflaci\u00f3n\u201d.<\/p>\n\n\n\n<p>Caputo dijo sobre la salida del cepo: \u201cNo queremos salir r\u00e1pido, si hubi\u00e9ramos salido r\u00e1pido, en diciembre, hubiera sido un espanto,\u00a0<strong>una cat\u00e1strofe,\u00a0<\/strong>ac\u00e1 no hay que salir r\u00e1pido, hay que salir bien\u201d, en declaraciones a\u00a0<em>radio Mitre,<\/em>\u00a0y que \u201cest\u00e1n dadas las condiciones para que la recuperaci\u00f3n se\u00a0<strong>acelere\u201d.<\/strong><\/p>\n\n\n\n<p>El ministro de Econom\u00eda explic\u00f3 \u201cpor qu\u00e9 no es bueno ponerle&nbsp;<strong>fecha&nbsp;<\/strong>a la salida del cepo\u201d: \u201cEn ese caso los actores especular\u00edan, lo que le jugar\u00eda en contra al pa\u00eds y perjudicar\u00eda la medida, por eso, justamente, la decisi\u00f3n es ir<strong>&nbsp;haci\u00e9ndolo gradualmente,&nbsp;<\/strong>lo que har\u00e1 que se salga de una manera mucho m\u00e1s prolija, con una brecha que sea muchos mas baja\u201d.<\/p>\n\n\n\n<h2 class=\"wp-block-heading\">Luis Caputo ratific\u00f3 que no devaluar\u00e1: \u201cEso generar\u00eda mayor pobreza\u201d<\/h2>\n\n\n\n<p>Caputo ratific\u00f3 que no devaluar\u00e1: \u201cVamos a acabar con la conducta de creer que se gana competitividad devaluando, lo que genera mayor pobreza, sino bajando impuestos, siendo m\u00e1s competitivos con la reducci\u00f3n del costo argentino\u201d.<\/p>\n\n\n\n<h2 class=\"wp-block-heading\">Luis Caputo elogi\u00f3 el trabajo de Federico Sturzenegger: \u201cEs el futuro, desregular\u201d<\/h2>\n\n\n\n<p>El ministro de Econom\u00eda elogi\u00f3 el trabajo de su par de Desregulaci\u00f3n y Transformaci\u00f3n del Estado,\u00a0<strong>Federico Sturzenegger:<\/strong>\u00a0\u201cLa relaci\u00f3n con Sturzenegger es b\u00e1rbara, el trabajo que hace \u00e9l es tanto o m\u00e1s importante que el que hacemos nosotros, es el futuro, desregular\u201d. A su vez\u00a0Sturzenegger\u00a0le baj\u00f3 el tono a la interna con su par, en declaraciones a\u00a0<em>\u00bfLa ves?,<\/em>\u00a0por\u00a0<strong>TN,<\/strong>\u00a0al plantear que \u201cen econom\u00eda es importante que haya\u00a0<strong>una voz unificada\u201d.<\/strong><\/p>\n\n\n\n<h2 class=\"wp-block-heading\">Las frases m\u00e1s destacadas de Luis Caputo<\/h2>\n\n\n\n<ul class=\"wp-block-list\">\n<li>\u201cEstamos en una etapa de<strong>\u00a0recuperaci\u00f3n,<\/strong>\u00a0salimos de terapia intensiva sin romper contratos ni haber estallado en una crisis, aunque la situaci\u00f3n est\u00e1 lejos de ser la que los argentinos quisi\u00e9ramos ver\u201d.<\/li>\n\n\n\n<li>\u201cEst\u00e1n dadas las condiciones para que la recuperaci\u00f3n se\u00a0<strong>acelere,<\/strong>\u00a0depende mucho de que podamos convencer mas al empresariado y a la gente que ya est\u00e1n dadas las condiciones para que se animen\u201d.<\/li>\n\n\n\n<li>\u201cA la Argentina su pasado le juega muy en contra\u201d.<\/li>\n\n\n\n<li>\u201cEspero un \u00edndice general de inflaci\u00f3n de junio menor de 5%, esa es la expectativa, y la inflaci\u00f3n n\u00facleo deber\u00eda empezar con 3%\u2033.<\/li>\n\n\n\n<li>\u201cEstamos en una situaci\u00f3n at\u00edpica, tenemos super\u00e1vit fiscal, comercial, de cuenta corriente, emisi\u00f3n cero, por decisi\u00f3n propia, en otros momentos fue producto de haber ca\u00eddo en una crisis\u201d.<\/li>\n\n\n\n<li>\u201cLa relaci\u00f3n con el FMI es buen\u00edsima, estamos empezando a hablar del<strong>\u00a0nuevo acuerdo,\u00a0<\/strong>seguro para este a\u00f1o, podr\u00eda significar fondos frescos\u201d.<\/li>\n\n\n\n<li>\u201cEste a\u00f1os hicimos la parte m\u00e1s importante del aumento de tarifas\u201d.<\/li>\n\n\n\n<li>\u201cHoy ya\u00a0<strong>no hay razones macroecon\u00f3micas\u00a0<\/strong>para que haya inflaci\u00f3n, la econom\u00eda no est\u00e1 recalentada\u201d.<\/li>\n\n\n\n<li>\u201cNo controlamos precios, en el caso de los servicios de medicina prepaga controlamos conductas\u201d.<\/li>\n\n\n\n<li>\u201cDesde que asumimos el d\u00f3lar subi\u00f3 16%, mientras que en el gobierno anterior, a esta fecha hab\u00eda subido 160%\u201d.<\/li>\n\n\n\n<li>\u201cJunio va a ser otro mes de super\u00e1vit, va a sorprender, por super\u00e1vit y por inflaci\u00f3n\u201d.<\/li>\n\n\n\n<li>\u201cEste tipo de cambio es el de promedio de crisis, por el programa que estamos haciendo el peso se va a fortalecer\u201d.<\/li>\n\n\n\n<li>\u201cVamos a ganar competitividad bajando impuestos\u201d.<\/li>\n<\/ul>\n","protected":false},"excerpt":{"rendered":"<p>El ministro de Econom\u00eda,Luis Caputo,\u00a0insisti\u00f3 en que\u00a0no devaluar\u00e1,\u00a0plante\u00f3: \u201cAntes que salir r\u00e1pido del\u00a0cepo,\u00a0hay que\u00a0hacerlo bien\u201d,\u00a0y dijo que espera que la inflaci\u00f3n de junio se ubique\u00a0por debajo de 5%.\u00a0Consider\u00f3 adem\u00e1s que&hellip; <\/p>\n","protected":false},"author":12,"featured_media":152128,"comment_status":"closed","ping_status":"open","sticky":false,"template":"","format":"standard","meta":{"footnotes":""},"categories":[20],"tags":[],"class_list":["post-152117","post","type-post","status-publish","format-standard","has-post-thumbnail","hentry","category-economia"],"_links":{"self":[{"href":"https:\/\/corrientesdetarde.com\/index.php\/wp-json\/wp\/v2\/posts\/152117","targetHints":{"allow":["GET"]}}],"collection":[{"href":"https:\/\/corrientesdetarde.com\/index.php\/wp-json\/wp\/v2\/posts"}],"about":[{"href":"https:\/\/corrientesdetarde.com\/index.php\/wp-json\/wp\/v2\/types\/post"}],"author":[{"embeddable":true,"href":"https:\/\/corrientesdetarde.com\/index.php\/wp-json\/wp\/v2\/users\/12"}],"replies":[{"embeddable":true,"href":"https:\/\/corrientesdetarde.com\/index.php\/wp-json\/wp\/v2\/comments?post=152117"}],"version-history":[{"count":1,"href":"https:\/\/corrientesdetarde.com\/index.php\/wp-json\/wp\/v2\/posts\/152117\/revisions"}],"predecessor-version":[{"id":152129,"href":"https:\/\/corrientesdetarde.com\/index.php\/wp-json\/wp\/v2\/posts\/152117\/revisions\/152129"}],"wp:featuredmedia":[{"embeddable":true,"href":"https:\/\/corrientesdetarde.com\/index.php\/wp-json\/wp\/v2\/media\/152128"}],"wp:attachment":[{"href":"https:\/\/corrientesdetarde.com\/index.php\/wp-json\/wp\/v2\/media?parent=152117"}],"wp:term":[{"taxonomy":"category","embeddable":true,"href":"https:\/\/corrientesdetarde.com\/index.php\/wp-json\/wp\/v2\/categories?post=152117"},{"taxonomy":"post_tag","embeddable":true,"href":"https:\/\/corrientesdetarde.com\/index.php\/wp-json\/wp\/v2\/tags?post=152117"}],"curies":[{"name":"wp","href":"https:\/\/api.w.org\/{rel}","templated":true}]}}