{"id":152118,"date":"2024-07-11T08:44:43","date_gmt":"2024-07-11T11:44:43","guid":{"rendered":"https:\/\/corrientesdetarde.com\/?p=152118"},"modified":"2024-07-11T08:44:47","modified_gmt":"2024-07-11T11:44:47","slug":"inicia-la-xiv-feria-provincial-del-libro-sin-autoridad-en-cultura","status":"publish","type":"post","link":"https:\/\/corrientesdetarde.com\/index.php\/sociales\/inicia-la-xiv-feria-provincial-del-libro-sin-autoridad-en-cultura\/","title":{"rendered":"Inicia la XIV Feria Provincial del Libro, sin autoridad en Cultura"},"content":{"rendered":"\n<p>Corrientes ser\u00e1 sede, durante diez jornadas, de la XIV Feria del Libro de Corrientes que hoy abrir\u00e1 sus puertas para celebrar la edici\u00f3n &#8220;Av\u00edo del Alma&#8221;, en el predio del Centro de Convenciones (avenida Pomar 805), con entrada libre y gratuita.<\/p>\n\n\n\n<p>Desde las 9, la propuesta ser\u00e1 exclusiva para las instituciones escolares organizado por el Ministerio de Educaci\u00f3n; mientras que a las 17 ser\u00e1 el corte de cintas y las charlas inaugurales, sin una autoridad definida en el Instituto de Cultura.<\/p>\n\n\n\n<p>Ser\u00e1 una edici\u00f3n distinta, tanto por la log\u00edstica como por el anfitri\u00f3n, evento a cargo del Instituto de Cultura de la Provincia, que ir\u00f3nicamente no tiene funcionario designado en su presidencia. Tampoco desde la entidad expresan a ciencia ciertas, qui\u00e9n es el funcionario a cargo del evento y mucho menos qui\u00e9n ser\u00e1 el encargado de dar las palabras de bienvenida.<\/p>\n\n\n\n<p>&#8220;Hay un equipo t\u00e9cnico trabajando en toda la edici\u00f3n, mientras que el interventor transitorio es el contador Jorge Zamudio&#8221;, expresaron desde el organismo, que no cuenta con m\u00e1xima autoridad. Seg\u00fan refirieron, el contador del organismo, responde directamente al ministro del secretario General de la Gobernaci\u00f3n, Carlos Vignolo.<\/p>\n\n\n\n<p>Fuentes del organismo cultural sostienen que, por el momento, es Vignolo quien conduce los destinos de la gesti\u00f3n art\u00edstica y cultural de la provincia, con el acompa\u00f1amiento del expresidente, Gabriel Romero. A estas versiones extraoficiales, agregaron adem\u00e1s que ser\u00e1 finalmente \u00e9l quien decida sobre el nuevo presidente del Instituto y no el gobernador, Gustavo Vald\u00e9s.<\/p>\n\n\n\n<p>Por el momento, el organismo transita por un momento cargado de incertidumbres, al punto tal que la gesti\u00f3n cultural est\u00e1 inactiva y solo se mantiene el sistema administrativo.<\/p>\n\n\n\n<p>A dos meses de la renuncia de Gabriel Romero del cargo como presidente y siendo el actual decano de la Facultad de Artes, Dise\u00f1o y Ciencias de la Cultura de la UNNE, presidir\u00e1 hoy, a las 18, la mesa inaugural en el auditorio Martha Quiles. Ser\u00e1 presentada por Maia Eirin, exreferente de la feria.<\/p>\n\n\n\n<h2 class=\"wp-block-heading\">Jornada inaugural<\/h2>\n\n\n\n<p>M\u00e1s de 30 librer\u00edas y editoriales del territorio provincial tienen un espacio en el predio para comercializar sus productos, al igual que los distintos actores institucionales para mostrar sus propuestas y actividades. Hasta el viernes 19 de julio, de 14 a 22 la gente podr\u00e1 disfrutar de las distintas propuestas apuntadas al p\u00fablico infanto-juvenil y familiar.<\/p>\n\n\n\n<p>&#8220;Est\u00e1n programadas m\u00e1s de 170 presentaciones de libro, y una gran diversidad de charlas y talleres para todas las edades; adem\u00e1s de las propuestas que circular\u00e1n por el escenario, entre ellas, presentaciones de coros, orquestas, obras de teatro y m\u00fasica en vivo, y performances po\u00e9ticas a cargo de diversos referentes regionales&#8221;, expresaron desde Cultura.<\/p>\n\n\n\n<p>En tanto, a las 18:45, en el auditorio Martha Quiles, el reconocido economista Damian Di Pace brindar\u00e1 la charla &#8220;El futuro del comercio que se viene&#8221;, bajando el tel\u00f3n del primer d\u00eda de este evento cultural en torno al libro.<\/p>\n","protected":false},"excerpt":{"rendered":"<p>Corrientes ser\u00e1 sede, durante diez jornadas, de la XIV Feria del Libro de Corrientes que hoy abrir\u00e1 sus puertas para celebrar la edici\u00f3n &#8220;Av\u00edo del Alma&#8221;, en el predio del&hellip; <\/p>\n","protected":false},"author":12,"featured_media":152124,"comment_status":"closed","ping_status":"open","sticky":false,"template":"","format":"standard","meta":{"footnotes":""},"categories":[22,17],"tags":[],"class_list":["post-152118","post","type-post","status-publish","format-standard","has-post-thumbnail","hentry","category-eventos","category-sociales"],"_links":{"self":[{"href":"https:\/\/corrientesdetarde.com\/index.php\/wp-json\/wp\/v2\/posts\/152118","targetHints":{"allow":["GET"]}}],"collection":[{"href":"https:\/\/corrientesdetarde.com\/index.php\/wp-json\/wp\/v2\/posts"}],"about":[{"href":"https:\/\/corrientesdetarde.com\/index.php\/wp-json\/wp\/v2\/types\/post"}],"author":[{"embeddable":true,"href":"https:\/\/corrientesdetarde.com\/index.php\/wp-json\/wp\/v2\/users\/12"}],"replies":[{"embeddable":true,"href":"https:\/\/corrientesdetarde.com\/index.php\/wp-json\/wp\/v2\/comments?post=152118"}],"version-history":[{"count":1,"href":"https:\/\/corrientesdetarde.com\/index.php\/wp-json\/wp\/v2\/posts\/152118\/revisions"}],"predecessor-version":[{"id":152125,"href":"https:\/\/corrientesdetarde.com\/index.php\/wp-json\/wp\/v2\/posts\/152118\/revisions\/152125"}],"wp:featuredmedia":[{"embeddable":true,"href":"https:\/\/corrientesdetarde.com\/index.php\/wp-json\/wp\/v2\/media\/152124"}],"wp:attachment":[{"href":"https:\/\/corrientesdetarde.com\/index.php\/wp-json\/wp\/v2\/media?parent=152118"}],"wp:term":[{"taxonomy":"category","embeddable":true,"href":"https:\/\/corrientesdetarde.com\/index.php\/wp-json\/wp\/v2\/categories?post=152118"},{"taxonomy":"post_tag","embeddable":true,"href":"https:\/\/corrientesdetarde.com\/index.php\/wp-json\/wp\/v2\/tags?post=152118"}],"curies":[{"name":"wp","href":"https:\/\/api.w.org\/{rel}","templated":true}]}}