{"id":152331,"date":"2024-07-11T16:15:02","date_gmt":"2024-07-11T19:15:02","guid":{"rendered":"https:\/\/corrientesdetarde.com\/?p=152331"},"modified":"2024-07-11T16:15:14","modified_gmt":"2024-07-11T19:15:14","slug":"milei-posterga-una-nueva-reestructuracion-del-gabinete-para-priorizar-la-reglamentacion-del-paquete-fiscal","status":"publish","type":"post","link":"https:\/\/corrientesdetarde.com\/index.php\/politica\/milei-posterga-una-nueva-reestructuracion-del-gabinete-para-priorizar-la-reglamentacion-del-paquete-fiscal\/","title":{"rendered":"Milei posterga una nueva reestructuraci\u00f3n del Gabinete para priorizar la reglamentaci\u00f3n del paquete fiscal"},"content":{"rendered":"\n<p><a href=\"https:\/\/tn.com.ar\/autor\/Isalerno\/\"><\/a>La encargada de la mesa t\u00e9cnica y de trabajar los decretos es la secretaria de Planeamiento Estrat\u00e9gico, Mar\u00eda Ibarzabal, que responde al asesor presidencial Santiago Caputo. Las indefiniciones del Ejecutivo.<\/p>\n\n\n\n<p><strong>El\u00a0Gobierno posterga el\u00a0decreto de reestructuraci\u00f3n interna -que los funcionarios llaman \u201c50\u2033- y define el futuro de empresas p\u00fablicas<\/strong>. El Ejecutivo quer\u00eda publicarlo esta semana en el bolet\u00edn oficial, pero se retras\u00f3 por indefiniciones y por la reglamentaci\u00f3n de la Ley Bases y el paquete fiscal.<\/p>\n\n\n\n<p>La encargada de la mesa t\u00e9cnica y de trabajar los decretos es la secretaria de Planeamiento Estrat\u00e9gico, Mar\u00eda Ibarzabal, que responde al asesor presidencial Santiago Caputo. \u201c<strong>Ibarzabal est\u00e1 con tres proyectos t\u00e9cnicos a la vez y no pudo avanzar con el 50. Puede que se atrase dos semanas<\/strong>\u201d, expres\u00f3 a<strong>\u00a0<\/strong>un cercano a la c\u00fapula de Balcarce 50.<\/p>\n\n\n\n<p>La Casa Rosada&nbsp;<strong>define el destino de las empresas p\u00fablicas Agua y Saneamientos Argentinos (AYSA), el Correo y Corredores Viales<\/strong>, entre otras. Los cercanos al presidente quieren que queden en la \u00f3rbita del jefe de gabinete, Guillermo Francos, pero este busca que pasen al Ministerio de Econom\u00eda, que preside Luis Caputo.<\/p>\n\n\n\n<p>El ministro coordinador quiere tener un rol con m\u00e1s responsabilidades pol\u00edticas y menos t\u00e9cnicas. \u201c<strong>Francos no quiere tener empresas en su \u00f3rbita, pero algunas ya pasaron su estructura completa en la gesti\u00f3n de Posse<\/strong>&nbsp;y es complicado revertirlo\u201d, manifest\u00f3 a este medio un funcionario.<\/p>\n\n\n\n<figure class=\"wp-block-image\"><img decoding=\"async\" src=\"https:\/\/tn.com.ar\/resizer\/v2\/los-ministros-de-desregulacion-y-transformacion-del-estado-federico-sturzenegger-y-su-par-de-economia-luis-caputo-foto-efe-matias-martin-campaya-2SRLAXYPVJH7NLRT3HA2XMQ6RE.jpg?auth=4358d8a7da9ee4d0d7c777698be9951133cf114558fdcae07e1b562ae802f873&amp;width=767\" alt=\"Los ministros de Desregulaci\u00f3n y Transformaci\u00f3n del Estado, Federico Sturzenegger, y su par de Econom\u00eda, Luis Caputo (Foto: EFE - Mat\u00edas Mart\u00edn Campaya).\"\/><\/figure>\n\n\n\n<p>La definici\u00f3n final de las empresas p\u00fablicas se ver\u00e1 plasmada en el decreto \u201c50\u2033, que tambi\u00e9n&nbsp;<strong>le dar\u00e1 funciones a la Unidad Ejecutora de Empresas que liderar\u00e1 el exinterventor de T\u00e9lam Diego Chaher<\/strong>&nbsp;en la \u00f3rbita de Econom\u00eda para avanzar con las privatizaciones.<\/p>\n\n\n\n<p>Las empresas que fueron sancionadas en la Ley Bases son Energ\u00eda Argentina, Intercargo, Agua y Saneamientos Argentinos (AYSA), Belgrano Cargas, Sociedad Operadora Ferroviaria (SOFSE) y Corredores Viales.<\/p>\n\n\n\n<p>El Gobierno&nbsp;<strong>tampoco tiene definido qu\u00e9 har\u00e1 con la secretar\u00eda parlamentaria<\/strong>, que lidera Omar de Marchi. Las opciones son unificarla con la subsecretar\u00eda de Articulaci\u00f3n Institucional o eliminarla. Francos quiere en el cargo a la exdiputada Paula Bertol, pero todav\u00eda no realiz\u00f3 un ofrecimiento formal.<\/p>\n\n\n\n<p>La secretar\u00eda de&nbsp;<strong>Innovaci\u00f3n, Ciencia y Tecnolog\u00eda, que preside Dar\u00edo Genua, se quedar\u00e1 en la jefatura de gabinete<\/strong>&nbsp;porque el ministro coordinador est\u00e1 interesado en el Consejo Nacional de Investigaciones Cient\u00edficas y T\u00e9cnicas (CONICET). La mesa chica analiza tambi\u00e9n separar el \u00e1rea de Telecomunicaciones.<\/p>\n\n\n\n<figure class=\"wp-block-image\"><img decoding=\"async\" src=\"https:\/\/tn.com.ar\/resizer\/v2\/el-nuevo-titular-de-la-afi-sergio-dario-neiffert-foto-gentileza-genteba-4BBN3PMVZVGWHJ3UKRIVKQ6O6A.jpg?auth=00fcbed523a10cd39aeb8f8e4cdb178988cc2df562268d9f862cd73f6633514d&amp;width=767\" alt=\"El nuevo titular de la AFI, Sergio Dar\u00edo Neiffert (Foto: gentileza GenteBA).\"\/><figcaption class=\"wp-element-caption\">El nuevo titular de la AFI, Sergio Dar\u00edo Neiffert <\/figcaption><\/figure>\n\n\n\n<p>La reestructuraci\u00f3n interna determinar\u00e1 adem\u00e1s la subestructura del Ministerio de Desregulaci\u00f3n y Transformaci\u00f3n del Estado que le dio Javier Milei a Federico Sturzenegger para realizar la reforma del Estado.<\/p>\n\n\n\n<p>Su equipo est\u00e1 integrado por los secretarios Maximiliano Fari\u00f1a (Transformaci\u00f3n) y Mart\u00edn Rossi (Desregulaci\u00f3n) junto con el abogado Marcelo Hern\u00e1ndez y Alejandro Tamer.<\/p>\n\n\n\n<p><strong>Una reforma que ir\u00e1 anexa al decreto \u201c50\u2033 es la reestructuraci\u00f3n de la Agencia Federal de Inteligencia (AFI)<\/strong>, que lidera Sergio Neiffert. Se transformar\u00e1 nuevamente en la Secretar\u00eda de Inteligencia del Estado (SIDE) y contar\u00e1 con tres agencias -Defensa, Seguridad Interior y Tecnolog\u00eda- y con un organismo contralor de fiscalizaci\u00f3n interna.<\/p>\n\n\n\n<p>El exagente de la SIDE durante el menemismo Alejandro Colombo se encargar\u00e1 del \u00e1rea de Defensa. Trabaj\u00f3 como asesor de Mauricio Macri en la Ciudad de Buenos Aires y se le atribuye tambi\u00e9n una relaci\u00f3n directa con el exdirector de Operaciones de la SIDE Antonio Horacio \u201cJaime\u201d Stiuso.<\/p>\n","protected":false},"excerpt":{"rendered":"<p>La encargada de la mesa t\u00e9cnica y de trabajar los decretos es la secretaria de Planeamiento Estrat\u00e9gico, Mar\u00eda Ibarzabal, que responde al asesor presidencial Santiago Caputo. Las indefiniciones del Ejecutivo.&hellip; <\/p>\n","protected":false},"author":8,"featured_media":152332,"comment_status":"closed","ping_status":"open","sticky":false,"template":"","format":"standard","meta":{"footnotes":""},"categories":[3],"tags":[],"class_list":["post-152331","post","type-post","status-publish","format-standard","has-post-thumbnail","hentry","category-politica"],"_links":{"self":[{"href":"https:\/\/corrientesdetarde.com\/index.php\/wp-json\/wp\/v2\/posts\/152331","targetHints":{"allow":["GET"]}}],"collection":[{"href":"https:\/\/corrientesdetarde.com\/index.php\/wp-json\/wp\/v2\/posts"}],"about":[{"href":"https:\/\/corrientesdetarde.com\/index.php\/wp-json\/wp\/v2\/types\/post"}],"author":[{"embeddable":true,"href":"https:\/\/corrientesdetarde.com\/index.php\/wp-json\/wp\/v2\/users\/8"}],"replies":[{"embeddable":true,"href":"https:\/\/corrientesdetarde.com\/index.php\/wp-json\/wp\/v2\/comments?post=152331"}],"version-history":[{"count":1,"href":"https:\/\/corrientesdetarde.com\/index.php\/wp-json\/wp\/v2\/posts\/152331\/revisions"}],"predecessor-version":[{"id":152333,"href":"https:\/\/corrientesdetarde.com\/index.php\/wp-json\/wp\/v2\/posts\/152331\/revisions\/152333"}],"wp:featuredmedia":[{"embeddable":true,"href":"https:\/\/corrientesdetarde.com\/index.php\/wp-json\/wp\/v2\/media\/152332"}],"wp:attachment":[{"href":"https:\/\/corrientesdetarde.com\/index.php\/wp-json\/wp\/v2\/media?parent=152331"}],"wp:term":[{"taxonomy":"category","embeddable":true,"href":"https:\/\/corrientesdetarde.com\/index.php\/wp-json\/wp\/v2\/categories?post=152331"},{"taxonomy":"post_tag","embeddable":true,"href":"https:\/\/corrientesdetarde.com\/index.php\/wp-json\/wp\/v2\/tags?post=152331"}],"curies":[{"name":"wp","href":"https:\/\/api.w.org\/{rel}","templated":true}]}}