{"id":152339,"date":"2024-07-11T19:05:05","date_gmt":"2024-07-11T22:05:05","guid":{"rendered":"https:\/\/corrientesdetarde.com\/?p=152339"},"modified":"2024-07-11T19:05:09","modified_gmt":"2024-07-11T22:05:09","slug":"mientras-milei-parte-a-eeuu-el-gobierno-espera-una-inflacion-mas-alta-que-la-de-mayo","status":"publish","type":"post","link":"https:\/\/corrientesdetarde.com\/index.php\/politica\/mientras-milei-parte-a-eeuu-el-gobierno-espera-una-inflacion-mas-alta-que-la-de-mayo\/","title":{"rendered":"MIENTRAS MILEI PARTE A EEUU, EL GOBIERNO ESPERA UNA INFLACI\u00d3N M\u00c1S ALTA QUE LA DE MAYO&#8221;"},"content":{"rendered":"\n<p>(Juan Pablo Peralta, Casa de Gobierno) &#8211; El presidente Javier Milei vuela esta noche rumbo a los Estados Unidos donde participar\u00e1 de la 41\u00b0 conferencia anual de finanzas junto a magnates del mundo tecnol\u00f3gico. Por su parte, el jefe de Gabinete, Guillermo Francos, recibi\u00f3 en Casa Rosada al gobernador de Corrientes, Gustavo Vald\u00e9s, con quien firm\u00f3 convenios de traspaso de obras p\u00fablicas. Al salir de la reuni\u00f3n, el mandatario provincial se refiri\u00f3 al caso Loan Pe\u00f1a. En otro orden de cosas, el ministro de Econom\u00eda Luis Caputo predijo una inflaci\u00f3n para el pasado mes de junio por debajo del 5%.<\/p>\n\n\n\n<figure class=\"wp-block-embed is-type-video is-provider-youtube wp-block-embed-youtube wp-embed-aspect-16-9 wp-has-aspect-ratio\"><div class=\"wp-block-embed__wrapper\">\n<iframe loading=\"lazy\" title=\"La inflacion en el centro de la atencion de la Rosada\" width=\"1110\" height=\"624\" src=\"https:\/\/www.youtube.com\/embed\/_jADehybyjY?feature=oembed\" frameborder=\"0\" allow=\"accelerometer; autoplay; clipboard-write; encrypted-media; gyroscope; picture-in-picture; web-share\" referrerpolicy=\"strict-origin-when-cross-origin\" allowfullscreen><\/iframe>\n<\/div><\/figure>\n","protected":false},"excerpt":{"rendered":"<p>(Juan Pablo Peralta, Casa de Gobierno) &#8211; El presidente Javier Milei vuela esta noche rumbo a los Estados Unidos donde participar\u00e1 de la 41\u00b0 conferencia anual de finanzas junto a&hellip; <\/p>\n","protected":false},"author":11,"featured_media":150222,"comment_status":"closed","ping_status":"open","sticky":false,"template":"","format":"standard","meta":{"footnotes":""},"categories":[3],"tags":[336],"class_list":["post-152339","post","type-post","status-publish","format-standard","has-post-thumbnail","hentry","category-politica","tag-milei"],"_links":{"self":[{"href":"https:\/\/corrientesdetarde.com\/index.php\/wp-json\/wp\/v2\/posts\/152339","targetHints":{"allow":["GET"]}}],"collection":[{"href":"https:\/\/corrientesdetarde.com\/index.php\/wp-json\/wp\/v2\/posts"}],"about":[{"href":"https:\/\/corrientesdetarde.com\/index.php\/wp-json\/wp\/v2\/types\/post"}],"author":[{"embeddable":true,"href":"https:\/\/corrientesdetarde.com\/index.php\/wp-json\/wp\/v2\/users\/11"}],"replies":[{"embeddable":true,"href":"https:\/\/corrientesdetarde.com\/index.php\/wp-json\/wp\/v2\/comments?post=152339"}],"version-history":[{"count":1,"href":"https:\/\/corrientesdetarde.com\/index.php\/wp-json\/wp\/v2\/posts\/152339\/revisions"}],"predecessor-version":[{"id":152340,"href":"https:\/\/corrientesdetarde.com\/index.php\/wp-json\/wp\/v2\/posts\/152339\/revisions\/152340"}],"wp:featuredmedia":[{"embeddable":true,"href":"https:\/\/corrientesdetarde.com\/index.php\/wp-json\/wp\/v2\/media\/150222"}],"wp:attachment":[{"href":"https:\/\/corrientesdetarde.com\/index.php\/wp-json\/wp\/v2\/media?parent=152339"}],"wp:term":[{"taxonomy":"category","embeddable":true,"href":"https:\/\/corrientesdetarde.com\/index.php\/wp-json\/wp\/v2\/categories?post=152339"},{"taxonomy":"post_tag","embeddable":true,"href":"https:\/\/corrientesdetarde.com\/index.php\/wp-json\/wp\/v2\/tags?post=152339"}],"curies":[{"name":"wp","href":"https:\/\/api.w.org\/{rel}","templated":true}]}}