{"id":152341,"date":"2024-07-11T20:30:32","date_gmt":"2024-07-11T23:30:32","guid":{"rendered":"https:\/\/corrientesdetarde.com\/?p=152341"},"modified":"2024-07-11T20:30:44","modified_gmt":"2024-07-11T23:30:44","slug":"centro-de-convenciones-apertura-oficial-de-la-14a-feria-del-libro","status":"publish","type":"post","link":"https:\/\/corrientesdetarde.com\/index.php\/eventossociedad\/centro-de-convenciones-apertura-oficial-de-la-14a-feria-del-libro\/","title":{"rendered":"CENTRO DE CONVENCIONES: APERTURA OFICIAL DE LA 14\u00aa FERIA DEL LIBRO"},"content":{"rendered":"\n<p>Braillard Poccard: \u201cEste evento se fue superando a s\u00ed mismo cada a\u00f1o\u201d.<\/p>\n\n\n\n<p>El vicegobernador Pedro Braillard Poccard presidi\u00f3 la inauguraci\u00f3n de la 14\u00aa edici\u00f3n de la Feria del Libro de Corrientes, organizada por Gobierno de la Provincia, a trav\u00e9s del Instituto de Cultura, que abri\u00f3 sus puertas este jueves 11 de julio en el Centro de Convenciones de Corrientes (avenida Gregorio Pomar 802), y se extender\u00e1 hasta el viernes 19 de julio inclusive.<br>Al dirigirse a los presentes, Braillard Poccard expres\u00f3: \u201cCatorce ediciones consecutivas implican trabajo, dedicaci\u00f3n, amar lo que se hace y, por sobre todas las cosas, ir estableciendo algo que cuando empez\u00f3 -me acuerdo- la primera edici\u00f3n, no se sab\u00eda c\u00f3mo iba a andar y desde entonces este evento se fue superando a s\u00ed mismo cada a\u00f1o\u201d.<br>En esta edici\u00f3n se pueden conocer las novedades y propuestas editoriales para los nueve d\u00edas, as\u00ed como tambi\u00e9n participar de charlas y talleres dirigidos a distintos tipos de p\u00fablico. Este a\u00f1o la Feria cuenta con 30 stands de editoriales de Corrientes y la regi\u00f3n, ofreciendo de manera directa al p\u00fablico sus t\u00edtulos sobre literatura local, regional y nacional; adem\u00e1s de 10 stands de organismos p\u00fablicos e instituciones que sumaron propuestas atractivas que la comunidad que podr\u00e1 disfrutar con acceso libre y gratuito de 14 a 22 en esta nueva locaci\u00f3n de la Feria Provincial de Libro.<br>Las actividades se iniciaron temprano con una jornada destinada a los alumnos de todos los niveles escolares, que se extendi\u00f3 de 9 a 16, y luego se dio paso al acto formal de inauguraci\u00f3n con autoridades provinciales y municipales.<br>Acompa\u00f1aron a el vicegobernador de la provincia el, ministro secretario General de la Gobernaci\u00f3n y presidente interino del Instituto de Cultura de Corrientes, Carlos Vignolo, la ministra de Educaci\u00f3n de la provincia, Pr\u00e1xedes L\u00f3pez, el ministro de Desarrollo Social Ad\u00e1n Gaya, Eduardo Tassano, Intendente de la Ciudad, el viceintendente Emilio Lanari, el presidente del Consejo Deliberante de Corrientes, Marcos Amarilla; el rector de la Universidad Nacional del Nordeste, Omar Larrosa, el decano de la Facultad de Artes de la UNNE Gabriel Romero, entre otras autoridades y funcionarios provinciales.<br>En su discurso, el titular del Senado remarco: \u201cLa ciudad de Corrientes es una ciudad universitaria porque tenemos nuestra Universidad del Nordeste, que es un orgullo para todos, especialmente para los que no solamente nos formamos, sino que adem\u00e1s tuvimos el privilegio de integrar su claustro docente, pero adem\u00e1s tiene tambi\u00e9n otras ofertas universitarias y terciarias y necesariamente a toda la actividad universitaria se la tiene que complementar con ese elemento tan fundamental como es la lectura\u201d.<br>Agreg\u00f3 seguidamente: \u201cPondero la actividad de quienes se dedican a esto, particularmente las editoriales ya que no debe ser f\u00e1cil encarar una actividad, un emprendimiento como este; a los que venden y realizan la oferta de los libros, pero por sobre todas las cosas, a quienes expresan su cari\u00f1o y su voluntad y su apego hacia eso tan hermoso que es la lectura\u201d.<br>Braillard Poccard concluy\u00f3 diciendo: \u201cFelicitaciones a todos los que organizaron esta Feria del Libro, s\u00e9 que tuvieron que hacerlo en tiempo r\u00e9cord por diferentes circunstancias, pero ac\u00e1 estamos una vez m\u00e1s inaugurando esta feria que sin duda ser\u00e1 exitosa y que va a estar para ser disfrutada por toda la gente de Corrientes y de ciudades vecinas\u201d.<\/p>\n\n\n\n<p>EL SENADO CON STAND PROPIO<br>La C\u00e1mara de Senadores de la Provincia cuenta con un stand institucional. Al respecto el titular del Senado, Pedro Braillard Poccard, reflexion\u00f3: \u201cEsto se condice con la actividad que llevamos adelante, de que el Poder Legislativo en general y el Senado en particular es una entidad abierta a la gente, eso se ve a trav\u00e9s de todas las actividades culturales. Este a\u00f1o el tema central es Pedro Ferr\u00e9, que posiblemente sea el gobernante que en la historia de Corrientes m\u00e1s hizo por nuestra provincia y se va a presentar tambi\u00e9n con una reedici\u00f3n de las memorias de Pedro Ferr\u00e9 que vamos a estar presentando en estos d\u00edas. Pero el homenaje a Ferr\u00e9 es mucho m\u00e1s que destacar a una personalidad, es recordar que Corrientes pudo ser con muy pocas cosas una de las provincias precursoras de la nacionalidad argentina\u201d.<\/p>\n\n\n\n<figure class=\"wp-block-image size-large\"><img loading=\"lazy\" decoding=\"async\" width=\"1024\" height=\"683\" src=\"https:\/\/corrientesdetarde.com\/wp-content\/uploads\/2024\/07\/IMG-20240711-WA0038-1024x683.jpg\" alt=\"\" class=\"wp-image-152343\" srcset=\"https:\/\/corrientesdetarde.com\/wp-content\/uploads\/2024\/07\/IMG-20240711-WA0038-1024x683.jpg 1024w, https:\/\/corrientesdetarde.com\/wp-content\/uploads\/2024\/07\/IMG-20240711-WA0038-300x200.jpg 300w, https:\/\/corrientesdetarde.com\/wp-content\/uploads\/2024\/07\/IMG-20240711-WA0038-768x512.jpg 768w, https:\/\/corrientesdetarde.com\/wp-content\/uploads\/2024\/07\/IMG-20240711-WA0038-1536x1024.jpg 1536w, https:\/\/corrientesdetarde.com\/wp-content\/uploads\/2024\/07\/IMG-20240711-WA0038.jpg 1599w\" sizes=\"auto, (max-width: 1024px) 100vw, 1024px\" \/><\/figure>\n\n\n\n<p><\/p>\n\n\n\n<figure class=\"wp-block-image size-large\"><img loading=\"lazy\" decoding=\"async\" width=\"1024\" height=\"683\" src=\"https:\/\/corrientesdetarde.com\/wp-content\/uploads\/2024\/07\/IMG-20240711-WA0041-1024x683.jpg\" alt=\"\" class=\"wp-image-152346\" srcset=\"https:\/\/corrientesdetarde.com\/wp-content\/uploads\/2024\/07\/IMG-20240711-WA0041-1024x683.jpg 1024w, https:\/\/corrientesdetarde.com\/wp-content\/uploads\/2024\/07\/IMG-20240711-WA0041-300x200.jpg 300w, https:\/\/corrientesdetarde.com\/wp-content\/uploads\/2024\/07\/IMG-20240711-WA0041-768x512.jpg 768w, https:\/\/corrientesdetarde.com\/wp-content\/uploads\/2024\/07\/IMG-20240711-WA0041-1536x1024.jpg 1536w, https:\/\/corrientesdetarde.com\/wp-content\/uploads\/2024\/07\/IMG-20240711-WA0041.jpg 1599w\" sizes=\"auto, (max-width: 1024px) 100vw, 1024px\" \/><\/figure>\n\n\n\n<figure class=\"wp-block-gallery has-nested-images columns-default is-cropped wp-block-gallery-1 is-layout-flex wp-block-gallery-is-layout-flex\">\n<figure class=\"wp-block-image size-large\"><img loading=\"lazy\" decoding=\"async\" width=\"1024\" height=\"683\" data-id=\"152344\" src=\"https:\/\/corrientesdetarde.com\/wp-content\/uploads\/2024\/07\/IMG-20240711-WA0040-1024x683.jpg\" alt=\"\" class=\"wp-image-152344\" srcset=\"https:\/\/corrientesdetarde.com\/wp-content\/uploads\/2024\/07\/IMG-20240711-WA0040-1024x683.jpg 1024w, https:\/\/corrientesdetarde.com\/wp-content\/uploads\/2024\/07\/IMG-20240711-WA0040-300x200.jpg 300w, https:\/\/corrientesdetarde.com\/wp-content\/uploads\/2024\/07\/IMG-20240711-WA0040-768x512.jpg 768w, https:\/\/corrientesdetarde.com\/wp-content\/uploads\/2024\/07\/IMG-20240711-WA0040-1536x1024.jpg 1536w, https:\/\/corrientesdetarde.com\/wp-content\/uploads\/2024\/07\/IMG-20240711-WA0040.jpg 1599w\" sizes=\"auto, (max-width: 1024px) 100vw, 1024px\" \/><\/figure>\n\n\n\n<figure class=\"wp-block-image size-large\"><img loading=\"lazy\" decoding=\"async\" width=\"1024\" height=\"683\" data-id=\"152345\" src=\"https:\/\/corrientesdetarde.com\/wp-content\/uploads\/2024\/07\/IMG-20240711-WA0039-1024x683.jpg\" alt=\"\" class=\"wp-image-152345\" srcset=\"https:\/\/corrientesdetarde.com\/wp-content\/uploads\/2024\/07\/IMG-20240711-WA0039-1024x683.jpg 1024w, https:\/\/corrientesdetarde.com\/wp-content\/uploads\/2024\/07\/IMG-20240711-WA0039-300x200.jpg 300w, https:\/\/corrientesdetarde.com\/wp-content\/uploads\/2024\/07\/IMG-20240711-WA0039-768x512.jpg 768w, https:\/\/corrientesdetarde.com\/wp-content\/uploads\/2024\/07\/IMG-20240711-WA0039-1536x1024.jpg 1536w, https:\/\/corrientesdetarde.com\/wp-content\/uploads\/2024\/07\/IMG-20240711-WA0039.jpg 1599w\" sizes=\"auto, (max-width: 1024px) 100vw, 1024px\" \/><\/figure>\n<\/figure>\n","protected":false},"excerpt":{"rendered":"<p>Braillard Poccard: \u201cEste evento se fue superando a s\u00ed mismo cada a\u00f1o\u201d. El vicegobernador Pedro Braillard Poccard presidi\u00f3 la inauguraci\u00f3n de la 14\u00aa edici\u00f3n de la Feria del Libro de&hellip; <\/p>\n","protected":false},"author":1,"featured_media":152347,"comment_status":"closed","ping_status":"open","sticky":false,"template":"","format":"standard","meta":{"footnotes":""},"categories":[1208],"tags":[],"class_list":["post-152341","post","type-post","status-publish","format-standard","has-post-thumbnail","hentry","category-eventossociedad"],"_links":{"self":[{"href":"https:\/\/corrientesdetarde.com\/index.php\/wp-json\/wp\/v2\/posts\/152341","targetHints":{"allow":["GET"]}}],"collection":[{"href":"https:\/\/corrientesdetarde.com\/index.php\/wp-json\/wp\/v2\/posts"}],"about":[{"href":"https:\/\/corrientesdetarde.com\/index.php\/wp-json\/wp\/v2\/types\/post"}],"author":[{"embeddable":true,"href":"https:\/\/corrientesdetarde.com\/index.php\/wp-json\/wp\/v2\/users\/1"}],"replies":[{"embeddable":true,"href":"https:\/\/corrientesdetarde.com\/index.php\/wp-json\/wp\/v2\/comments?post=152341"}],"version-history":[{"count":1,"href":"https:\/\/corrientesdetarde.com\/index.php\/wp-json\/wp\/v2\/posts\/152341\/revisions"}],"predecessor-version":[{"id":152348,"href":"https:\/\/corrientesdetarde.com\/index.php\/wp-json\/wp\/v2\/posts\/152341\/revisions\/152348"}],"wp:featuredmedia":[{"embeddable":true,"href":"https:\/\/corrientesdetarde.com\/index.php\/wp-json\/wp\/v2\/media\/152347"}],"wp:attachment":[{"href":"https:\/\/corrientesdetarde.com\/index.php\/wp-json\/wp\/v2\/media?parent=152341"}],"wp:term":[{"taxonomy":"category","embeddable":true,"href":"https:\/\/corrientesdetarde.com\/index.php\/wp-json\/wp\/v2\/categories?post=152341"},{"taxonomy":"post_tag","embeddable":true,"href":"https:\/\/corrientesdetarde.com\/index.php\/wp-json\/wp\/v2\/tags?post=152341"}],"curies":[{"name":"wp","href":"https:\/\/api.w.org\/{rel}","templated":true}]}}