{"id":152342,"date":"2024-07-11T20:38:30","date_gmt":"2024-07-11T23:38:30","guid":{"rendered":"https:\/\/corrientesdetarde.com\/?p=152342"},"modified":"2024-07-11T20:38:42","modified_gmt":"2024-07-11T23:38:42","slug":"tras-reunirse-con-el-papa-de-loan-patricia-bullrich-dijo-que-el-presidente-esta-muy-angustiado","status":"publish","type":"post","link":"https:\/\/corrientesdetarde.com\/index.php\/actualidad\/tras-reunirse-con-el-papa-de-loan-patricia-bullrich-dijo-que-el-presidente-esta-muy-angustiado\/","title":{"rendered":"Tras reunirse con el pap\u00e1 de Loan, Patricia Bullrich dijo que &#8220;el Presidente est\u00e1 muy angustiado&#8221;"},"content":{"rendered":"\n<p>&#8220;Tuvimos una larga reuni\u00f3n donde nos cont\u00f3 su situaci\u00f3n, su estado de \u00e1nimo, la esperanza que tienen en verlo a Loan bien. Nosotros le hicimos un detallad\u00edsimo informe de todo lo que sabemos y conocemos respecto a lo que pas\u00f3 y a c\u00f3mo llevar adelante esta investigaci\u00f3n en un c\u00edrculo cerrado&#8221;, expres\u00f3 Patricia Bullrich, en una entrevista a un canal porte\u00f1o de noticias.<\/p>\n\n\n\n<p>&#8220;Es una escena cerrada. Eran ellos y no hab\u00eda nadie m\u00e1s y entre ellos est\u00e1 el responsable, sacando a los chicos, a Jos\u00e9 y a la mam\u00e1 de Jos\u00e9&#8221;, dijo y agreg\u00f3: &#8220;Todos los dem\u00e1s est\u00e1n presos, directamente dirigida una investigaci\u00f3n porque no se fue, no se perdi\u00f3, no se cay\u00f3 en un pozo, no lo pic\u00f3 una v\u00edbora. Se rastrillaron 25 mil hect\u00e1reas&#8221;.<\/p>\n\n\n\n<p>&#8220;Lo que queda es que en un determinado momento hay una separaci\u00f3n de dos grupos. El grupo que queda adentro en la casa, que no se ve lo que pasa afuera, y los que fueron al naranjal. Los chicos dicen que estaba medio lloroso, que quer\u00eda volver con su pap\u00e1, y cuando vuelve aparentemente solo, ah\u00ed ya no lo ven m\u00e1s. La hip\u00f3tesis es clara. Los chicos no fueron, los que estaban adentro no vieron nada. No se escucharon gritos ni llantos. Hay que encontrar qui\u00e9n se llev\u00f3 a Loan en ese momento. Lo \u00fanico que sali\u00f3 de la casa fue la camioneta con el matrimonio de P\u00e9rez y Caillava&#8221;, insisti\u00f3 la Ministra.<\/p>\n\n\n\n<p>&#8220;Hay una estructura de poder donde dos estaban presentes. La otra parte es el comisario Maciel. Los otros pareciera que trabajan para esa estructura: Benitez, Ram\u00edrez, Laudelina, como c\u00f3mplices. Pero no est\u00e1 dilucitado lo que pas\u00f3&#8221;, insisti\u00f3.<\/p>\n\n\n\n<p><br>&#8220;Si hubiera funcionado bien el alerta Sof\u00eda, las personas que estuvieron ah\u00ed no pod\u00edan haber hecho lo que hicieron&#8221;, critic\u00f3.<\/p>\n\n\n\n<p>&#8220;Le mostramos a la familia de Loan. Ellos quedaron conformes con la profesionalidad, pero falta Loan. Nada se va a quedar bien hasta tanto no sepamos m\u00e1s&#8221;, dijo Bullrich, y agreg\u00f3: &#8220;Nos concentramos en la trazabilidad de c\u00f3mo pudo haber llegado o a la camioneta, o c\u00f3mo pudo alguien de los estuvo ah\u00ed llev\u00e1rselo. No son todos. Es un c\u00edrculo cerrado&#8221;.<\/p>\n\n\n\n<p>&#8220;El Presidente est\u00e1 esperando que esto pueda tener un desenlace bueno. Quiere esperar ese momento. Siente que este es un momento para m\u00ed, como ministra de Seguridad. Pero est\u00e1 muy angustiado por lo que pasa y est\u00e1 presente. Jos\u00e9 lo entendi\u00f3&#8221;, dijo<\/p>\n\n\n\n<figure class=\"wp-block-embed is-type-rich is-provider-twitter wp-block-embed-twitter\"><div class=\"wp-block-embed__wrapper\">\n<blockquote class=\"twitter-tweet\" data-width=\"550\" data-dnt=\"true\"><p lang=\"es\" dir=\"ltr\">Hoy recib\u00ed al pap\u00e1 de Loan. No s\u00f3lo para escucharlo y acompa\u00f1arlo, sino para decirle que estamos poniendo todo nuestro esfuerzo para colaborar en dar con su paradero y para eso vamos a ayudar en todo lo que sea posible. <a href=\"https:\/\/t.co\/uhHBwIs7g3\">pic.twitter.com\/uhHBwIs7g3<\/a><\/p>&mdash; Patricia Bullrich (@PatoBullrich) <a href=\"https:\/\/twitter.com\/PatoBullrich\/status\/1811525522892956090?ref_src=twsrc%5Etfw\">July 11, 2024<\/a><\/blockquote><script async src=\"https:\/\/platform.twitter.com\/widgets.js\" charset=\"utf-8\"><\/script>\n<\/div><\/figure>\n","protected":false},"excerpt":{"rendered":"<p>&#8220;Tuvimos una larga reuni\u00f3n donde nos cont\u00f3 su situaci\u00f3n, su estado de \u00e1nimo, la esperanza que tienen en verlo a Loan bien. Nosotros le hicimos un detallad\u00edsimo informe de todo&hellip; <\/p>\n","protected":false},"author":1,"featured_media":152352,"comment_status":"closed","ping_status":"open","sticky":false,"template":"","format":"standard","meta":{"footnotes":""},"categories":[23],"tags":[],"class_list":["post-152342","post","type-post","status-publish","format-standard","has-post-thumbnail","hentry","category-actualidad"],"_links":{"self":[{"href":"https:\/\/corrientesdetarde.com\/index.php\/wp-json\/wp\/v2\/posts\/152342","targetHints":{"allow":["GET"]}}],"collection":[{"href":"https:\/\/corrientesdetarde.com\/index.php\/wp-json\/wp\/v2\/posts"}],"about":[{"href":"https:\/\/corrientesdetarde.com\/index.php\/wp-json\/wp\/v2\/types\/post"}],"author":[{"embeddable":true,"href":"https:\/\/corrientesdetarde.com\/index.php\/wp-json\/wp\/v2\/users\/1"}],"replies":[{"embeddable":true,"href":"https:\/\/corrientesdetarde.com\/index.php\/wp-json\/wp\/v2\/comments?post=152342"}],"version-history":[{"count":1,"href":"https:\/\/corrientesdetarde.com\/index.php\/wp-json\/wp\/v2\/posts\/152342\/revisions"}],"predecessor-version":[{"id":152353,"href":"https:\/\/corrientesdetarde.com\/index.php\/wp-json\/wp\/v2\/posts\/152342\/revisions\/152353"}],"wp:featuredmedia":[{"embeddable":true,"href":"https:\/\/corrientesdetarde.com\/index.php\/wp-json\/wp\/v2\/media\/152352"}],"wp:attachment":[{"href":"https:\/\/corrientesdetarde.com\/index.php\/wp-json\/wp\/v2\/media?parent=152342"}],"wp:term":[{"taxonomy":"category","embeddable":true,"href":"https:\/\/corrientesdetarde.com\/index.php\/wp-json\/wp\/v2\/categories?post=152342"},{"taxonomy":"post_tag","embeddable":true,"href":"https:\/\/corrientesdetarde.com\/index.php\/wp-json\/wp\/v2\/tags?post=152342"}],"curies":[{"name":"wp","href":"https:\/\/api.w.org\/{rel}","templated":true}]}}