{"id":152350,"date":"2024-07-11T23:17:02","date_gmt":"2024-07-12T02:17:02","guid":{"rendered":"https:\/\/corrientesdetarde.com\/?p=152350"},"modified":"2024-07-11T23:17:14","modified_gmt":"2024-07-12T02:17:14","slug":"gustavo-valdes-acordo-con-nacion-la-reactivacion-de-obras-fundamentales-para-corrientes","status":"publish","type":"post","link":"https:\/\/corrientesdetarde.com\/index.php\/sociales\/gustavo-valdes-acordo-con-nacion-la-reactivacion-de-obras-fundamentales-para-corrientes\/","title":{"rendered":"Gustavo Vald\u00e9s acord\u00f3 con Naci\u00f3n la reactivaci\u00f3n de obras fundamentales para Corrientes"},"content":{"rendered":"\n<p>Este jueves, el gobernador Gustavo Vald\u00e9s junto al Jefe de Gabinete, Guillermo Francos firmaron un acuerdo en Buenos Aires. &#8220;Conseguimos reactivar obras fundamentales para Corrientes&#8221;, expres\u00f3 el mandatario provincial, quien adem\u00e1s remarc\u00f3 que las obras que contar\u00e1n con la reactivaci\u00f3n &#8220;hab\u00edan sido paralizadas y abandonadas por el Gobierno nacional anterior&#8221;.<\/p>\n\n\n\n<p>As\u00ed, Vald\u00e9s a trav\u00e9s de sus redes sociales indic\u00f3 que &#8220;la Naci\u00f3n reanudar\u00e1 obras p\u00fablicas en la provincia&#8221; y agradeci\u00f3 al presidente, Javier Milei, &#8220;por su compromiso y apoyo&#8221;.<\/p>\n\n\n\n<p>En tanto, desde la Jefatura de Gabinete comentaron que ante el acuerdo firmado &#8220;ya son 19 las provincias que suscribieron a estos convenios&#8221;.<\/p>\n\n\n\n<p>Reactivaci\u00f3n de obras p\u00fablicas nacionales en Corrientes<\/p>\n\n\n\n<p>Entre el listado de obras que contar\u00e1n con su reactivaci\u00f3n se encuentran la Autov\u00eda de la RN 12, la RP 126 desde la Ruta provincial 23 Sauce hasta la RN 199, sumado a los trabajos que se realizar\u00e1n en la RN 12 y RP 123 con diferentes tramos.<\/p>\n\n\n\n<p>A su vez, tambi\u00e9n se avanzar\u00e1 con la remodelaci\u00f3n y prolongaci\u00f3n de colectores cloacales y planta depuradora; en el nuevo puente en la Ruta 12 Esquina-Goya.<\/p>\n\n\n\n<p>En consiguiente, la reactivaci\u00f3n se dar\u00e1 en desag\u00fces cloacales y planta de tratamiento en Paso de la Patria, en la ampliaci\u00f3n de la red de desag\u00fces cloacales en Saladas, Santo Tom\u00e9, Mercedes como tambi\u00e9n en la red de cloacas y planta de tratamiento del Paraje Labougle-Monte Caseros. Asimismo, tambi\u00e9n se trabajar\u00e1 sobre el circuito hist\u00f3rico y cultural \u00d1andereko, en la ampliaci\u00f3n del sistema de red de agua en Ca\u00e1 Cat\u00ed, en la construcci\u00f3n del Centro territorial integral de pol\u00edticas de g\u00e9nero y diversidad de Paso de los Libres, en la remodelaci\u00f3n de planta potabilizadora en Paso de los Libres, en la red integral de cloacas en Riachuelo y Santa Rosa. Como tambi\u00e9n en la adecuaci\u00f3n del sistema de agua potable en San Miguel y en el barrio Las Palmas de Curuz\u00fa Cuati\u00e1.<\/p>\n\n\n\n<p>Finalmente, entre el listado de las obras a reactivar est\u00e1n: la ampliaci\u00f3n de la red de agua en Concepci\u00f3n, la red de agua integral del ejido urbano con readecuaci\u00f3n de tanques en Colonia Libertad y se avanzar\u00e1 en la construcci\u00f3n de dos tanques con perforaciones en Ber\u00f3n de Astrada y en la adecuaci\u00f3n del sistema de agua potable en Loreto.<\/p>\n\n\n\n<figure class=\"wp-block-image size-large\"><img loading=\"lazy\" decoding=\"async\" width=\"1024\" height=\"1024\" src=\"https:\/\/corrientesdetarde.com\/wp-content\/uploads\/2024\/07\/image-93-1024x1024.png\" alt=\"\" class=\"wp-image-152357\" srcset=\"https:\/\/corrientesdetarde.com\/wp-content\/uploads\/2024\/07\/image-93-1024x1024.png 1024w, https:\/\/corrientesdetarde.com\/wp-content\/uploads\/2024\/07\/image-93-300x300.png 300w, https:\/\/corrientesdetarde.com\/wp-content\/uploads\/2024\/07\/image-93-150x150.png 150w, https:\/\/corrientesdetarde.com\/wp-content\/uploads\/2024\/07\/image-93-768x768.png 768w, https:\/\/corrientesdetarde.com\/wp-content\/uploads\/2024\/07\/image-93.png 1080w\" sizes=\"auto, (max-width: 1024px) 100vw, 1024px\" \/><\/figure>\n","protected":false},"excerpt":{"rendered":"<p>Este jueves, el gobernador Gustavo Vald\u00e9s junto al Jefe de Gabinete, Guillermo Francos firmaron un acuerdo en Buenos Aires. &#8220;Conseguimos reactivar obras fundamentales para Corrientes&#8221;, expres\u00f3 el mandatario provincial, quien&hellip; <\/p>\n","protected":false},"author":1,"featured_media":152356,"comment_status":"closed","ping_status":"open","sticky":false,"template":"","format":"standard","meta":{"footnotes":""},"categories":[17],"tags":[],"class_list":["post-152350","post","type-post","status-publish","format-standard","has-post-thumbnail","hentry","category-sociales"],"_links":{"self":[{"href":"https:\/\/corrientesdetarde.com\/index.php\/wp-json\/wp\/v2\/posts\/152350","targetHints":{"allow":["GET"]}}],"collection":[{"href":"https:\/\/corrientesdetarde.com\/index.php\/wp-json\/wp\/v2\/posts"}],"about":[{"href":"https:\/\/corrientesdetarde.com\/index.php\/wp-json\/wp\/v2\/types\/post"}],"author":[{"embeddable":true,"href":"https:\/\/corrientesdetarde.com\/index.php\/wp-json\/wp\/v2\/users\/1"}],"replies":[{"embeddable":true,"href":"https:\/\/corrientesdetarde.com\/index.php\/wp-json\/wp\/v2\/comments?post=152350"}],"version-history":[{"count":1,"href":"https:\/\/corrientesdetarde.com\/index.php\/wp-json\/wp\/v2\/posts\/152350\/revisions"}],"predecessor-version":[{"id":152358,"href":"https:\/\/corrientesdetarde.com\/index.php\/wp-json\/wp\/v2\/posts\/152350\/revisions\/152358"}],"wp:featuredmedia":[{"embeddable":true,"href":"https:\/\/corrientesdetarde.com\/index.php\/wp-json\/wp\/v2\/media\/152356"}],"wp:attachment":[{"href":"https:\/\/corrientesdetarde.com\/index.php\/wp-json\/wp\/v2\/media?parent=152350"}],"wp:term":[{"taxonomy":"category","embeddable":true,"href":"https:\/\/corrientesdetarde.com\/index.php\/wp-json\/wp\/v2\/categories?post=152350"},{"taxonomy":"post_tag","embeddable":true,"href":"https:\/\/corrientesdetarde.com\/index.php\/wp-json\/wp\/v2\/tags?post=152350"}],"curies":[{"name":"wp","href":"https:\/\/api.w.org\/{rel}","templated":true}]}}