{"id":152351,"date":"2024-07-11T20:39:30","date_gmt":"2024-07-11T23:39:30","guid":{"rendered":"https:\/\/corrientesdetarde.com\/?p=152351"},"modified":"2024-07-11T20:39:31","modified_gmt":"2024-07-11T23:39:31","slug":"dictaron-la-conciliacion-obligatoria-y-habra-vuelos-de-aerolineas-argentinas-en-el-inicio-de-las-vacaciones","status":"publish","type":"post","link":"https:\/\/corrientesdetarde.com\/index.php\/informacion-general\/dictaron-la-conciliacion-obligatoria-y-habra-vuelos-de-aerolineas-argentinas-en-el-inicio-de-las-vacaciones\/","title":{"rendered":"Dictaron la conciliaci\u00f3n obligatoria y habr\u00e1 vuelos de Aerol\u00edneas Argentinas en el inicio de las vacaciones"},"content":{"rendered":"\n<p>El Gobierno nacional intervino en el conflicto planteado por la Asociaci\u00f3n Pilotos de L\u00edneas A\u00e9reas (APLA), que reclama a las autoridades de Aerol\u00edneas Argentinas mejoras salariales. El sindicato hab\u00eda anunciado la realizaci\u00f3n de asambleas para este viernes, que iban a ocasionar demoras e incluso cancelaci\u00f3n de vuelos, justo en el inicio de las vacaciones de invierno.<\/p>\n\n\n\n<p>En ese escenario, la Secretar\u00eda de Trabajo realiz\u00f3 el llamado a conciliaci\u00f3n obligatoria previsto por ley para convocar a las partes a una negociaci\u00f3n sin medidas de fuerza de por medio.<\/p>\n\n\n\n<p>La medida rige desde las 00.00 horas del d\u00eda 12 de julio con el objetivo de garantizar la normalidad en el inicio del receso invernal, &#8220;y privilegiando la normal prestaci\u00f3n del servicio en un momento donde miles de argentinos planean desplazarse por todo el pa\u00eds&#8221;, indic\u00f3 la comunicaci\u00f3n oficial de la intercesi\u00f3n de la cartera laboral.<\/p>\n\n\n\n<p>&#8220;No obstante la medida dictada, desde la Secretar\u00eda se insta a las partes a continuar dialogando con responsabilidad a fin de alcanzar acuerdos para garantizar el servicio&#8221;, agregaron.<\/p>\n\n\n\n<p>El sindicato que representa a los pilotos en la aerol\u00ednea de bandera hab\u00eda planteado un escenario de conflicto para presionar en las negociaciones por una recomposici\u00f3n salarial. &#8220;Ante la cancelaci\u00f3n de la reuni\u00f3n paritaria prevista para esta semana, realizaremos ma\u00f1ana dos asambleas informativas, en Aeroparque y Ezeiza, para debatir las pr\u00f3ximas medidas a adoptar&#8221;, hab\u00eda publicado la cuenta oficial de APLA, antes de la convocatoria oficial.<\/p>\n\n\n\n<p>El gremio considera que no s\u00f3lo no hubo mejoras en los ingresos del sector, si no que su situaci\u00f3n particular se agrav\u00f3 a partir de la aprobaci\u00f3n de la Ley Bases, que entre otras cosas, restituye el cobro del impuesto a las ganancias para las categor\u00edas que hab\u00edan quedado exentas hace un a\u00f1o. Los pilotos se ver\u00e1n alcanzados por esta situaci\u00f3n.<\/p>\n","protected":false},"excerpt":{"rendered":"<p>El Gobierno nacional intervino en el conflicto planteado por la Asociaci\u00f3n Pilotos de L\u00edneas A\u00e9reas (APLA), que reclama a las autoridades de Aerol\u00edneas Argentinas mejoras salariales. El sindicato hab\u00eda anunciado&hellip; <\/p>\n","protected":false},"author":1,"featured_media":152354,"comment_status":"closed","ping_status":"open","sticky":false,"template":"","format":"standard","meta":{"footnotes":""},"categories":[1],"tags":[],"class_list":["post-152351","post","type-post","status-publish","format-standard","has-post-thumbnail","hentry","category-informacion-general"],"_links":{"self":[{"href":"https:\/\/corrientesdetarde.com\/index.php\/wp-json\/wp\/v2\/posts\/152351","targetHints":{"allow":["GET"]}}],"collection":[{"href":"https:\/\/corrientesdetarde.com\/index.php\/wp-json\/wp\/v2\/posts"}],"about":[{"href":"https:\/\/corrientesdetarde.com\/index.php\/wp-json\/wp\/v2\/types\/post"}],"author":[{"embeddable":true,"href":"https:\/\/corrientesdetarde.com\/index.php\/wp-json\/wp\/v2\/users\/1"}],"replies":[{"embeddable":true,"href":"https:\/\/corrientesdetarde.com\/index.php\/wp-json\/wp\/v2\/comments?post=152351"}],"version-history":[{"count":1,"href":"https:\/\/corrientesdetarde.com\/index.php\/wp-json\/wp\/v2\/posts\/152351\/revisions"}],"predecessor-version":[{"id":152355,"href":"https:\/\/corrientesdetarde.com\/index.php\/wp-json\/wp\/v2\/posts\/152351\/revisions\/152355"}],"wp:featuredmedia":[{"embeddable":true,"href":"https:\/\/corrientesdetarde.com\/index.php\/wp-json\/wp\/v2\/media\/152354"}],"wp:attachment":[{"href":"https:\/\/corrientesdetarde.com\/index.php\/wp-json\/wp\/v2\/media?parent=152351"}],"wp:term":[{"taxonomy":"category","embeddable":true,"href":"https:\/\/corrientesdetarde.com\/index.php\/wp-json\/wp\/v2\/categories?post=152351"},{"taxonomy":"post_tag","embeddable":true,"href":"https:\/\/corrientesdetarde.com\/index.php\/wp-json\/wp\/v2\/tags?post=152351"}],"curies":[{"name":"wp","href":"https:\/\/api.w.org\/{rel}","templated":true}]}}