{"id":152364,"date":"2024-07-12T08:28:54","date_gmt":"2024-07-12T11:28:54","guid":{"rendered":"https:\/\/corrientesdetarde.com\/?p=152364"},"modified":"2024-07-12T08:28:58","modified_gmt":"2024-07-12T11:28:58","slug":"el-indec-difunde-la-inflacion-de-junio-desde-el-gobierno-confian-en-que-no-supere-el-5","status":"publish","type":"post","link":"https:\/\/corrientesdetarde.com\/index.php\/economia\/el-indec-difunde-la-inflacion-de-junio-desde-el-gobierno-confian-en-que-no-supere-el-5\/","title":{"rendered":"El INDEC difunde la inflaci\u00f3n de junio: desde el Gobierno conf\u00edan en que no supere el 5%"},"content":{"rendered":"\n<p>El Instituto Nacional de Estad\u00edstica y Censos (INDEC) difunde hoy el dato de la inflaci\u00f3n de junio, que rondar\u00e1 el 5% seg\u00fan estimaciones que lanzaron desde el Gobierno, como as\u00ed tambi\u00e9n analistas privados.<\/p>\n\n\n\n<p>De concretarse esta proyecci\u00f3n, se habr\u00eda registrado una leve suba de los precios, teniendo en cuenta que en diciembre fue del 25,5%; en enero, del 20,6%; en febrero, del 13,2%; en marzo, del 11%, en abril, del 8,8% y en mayo, del 4,2%.<\/p>\n\n\n\n<p>Ayer, el propio ministro de Econom\u00eda Luis Caputo dijo: &#8220;Espero un \u00edndice general de inflaci\u00f3n de junio menor de 5%. Esa es la expectativa y la inflaci\u00f3n n\u00facleo deber\u00eda empezar con 3%\u2033.<\/p>\n\n\n\n<p>&nbsp;<br>La inflaci\u00f3n de junio qued\u00f3 por debajo del 5%, seg\u00fan Caputo: el INDEC difunde el dato este viernes<br>Vale recordar que el \u00faltimo relevamiento de expectativas de mercado (REM), realizado por el Banco Central, proyect\u00f3 que el IPC del sexto mes del a\u00f1o se ubicar\u00eda en 5,2% y proyect\u00f3 para el a\u00f1o un aumento de precios del 138,1%.<\/p>\n\n\n\n<p>Las mediciones privadas, por su parte, rondan entre el 4,9% y 5,6%. El IPC de la Fundaci\u00f3n Libertad y Progreso arroj\u00f3 un aumento de 5,4% en junio, lo que implica una suba de 1,2 puntos porcentuales respecto a la medici\u00f3n oficial de mayo (4,2%).<\/p>\n\n\n\n<p>El estudio indic\u00f3 que en los primeros cinco meses del a\u00f1o el IPC acumula una suba de 81,2%. Con respecto a la variaci\u00f3n interanual, arroj\u00f3 que alcanza el 274,4%, lo que la convierte en la segunda desaceleraci\u00f3n consecutiva.<\/p>\n\n\n\n<p>La consultora C&amp;T Asesores Econ\u00f3micos estim\u00f3 una inflaci\u00f3n de 4,9% en junio, mientras que para la consultora Focus Market, la inflaci\u00f3n en consumo masivo en junio fue del 4,7%.<\/p>\n","protected":false},"excerpt":{"rendered":"<p>El Instituto Nacional de Estad\u00edstica y Censos (INDEC) difunde hoy el dato de la inflaci\u00f3n de junio, que rondar\u00e1 el 5% seg\u00fan estimaciones que lanzaron desde el Gobierno, como as\u00ed&hellip; <\/p>\n","protected":false},"author":12,"featured_media":152377,"comment_status":"closed","ping_status":"open","sticky":false,"template":"","format":"standard","meta":{"footnotes":""},"categories":[23,20],"tags":[],"class_list":["post-152364","post","type-post","status-publish","format-standard","has-post-thumbnail","hentry","category-actualidad","category-economia"],"_links":{"self":[{"href":"https:\/\/corrientesdetarde.com\/index.php\/wp-json\/wp\/v2\/posts\/152364","targetHints":{"allow":["GET"]}}],"collection":[{"href":"https:\/\/corrientesdetarde.com\/index.php\/wp-json\/wp\/v2\/posts"}],"about":[{"href":"https:\/\/corrientesdetarde.com\/index.php\/wp-json\/wp\/v2\/types\/post"}],"author":[{"embeddable":true,"href":"https:\/\/corrientesdetarde.com\/index.php\/wp-json\/wp\/v2\/users\/12"}],"replies":[{"embeddable":true,"href":"https:\/\/corrientesdetarde.com\/index.php\/wp-json\/wp\/v2\/comments?post=152364"}],"version-history":[{"count":1,"href":"https:\/\/corrientesdetarde.com\/index.php\/wp-json\/wp\/v2\/posts\/152364\/revisions"}],"predecessor-version":[{"id":152378,"href":"https:\/\/corrientesdetarde.com\/index.php\/wp-json\/wp\/v2\/posts\/152364\/revisions\/152378"}],"wp:featuredmedia":[{"embeddable":true,"href":"https:\/\/corrientesdetarde.com\/index.php\/wp-json\/wp\/v2\/media\/152377"}],"wp:attachment":[{"href":"https:\/\/corrientesdetarde.com\/index.php\/wp-json\/wp\/v2\/media?parent=152364"}],"wp:term":[{"taxonomy":"category","embeddable":true,"href":"https:\/\/corrientesdetarde.com\/index.php\/wp-json\/wp\/v2\/categories?post=152364"},{"taxonomy":"post_tag","embeddable":true,"href":"https:\/\/corrientesdetarde.com\/index.php\/wp-json\/wp\/v2\/tags?post=152364"}],"curies":[{"name":"wp","href":"https:\/\/api.w.org\/{rel}","templated":true}]}}