{"id":152365,"date":"2024-07-12T08:24:07","date_gmt":"2024-07-12T11:24:07","guid":{"rendered":"https:\/\/corrientesdetarde.com\/?p=152365"},"modified":"2024-07-12T08:24:19","modified_gmt":"2024-07-12T11:24:19","slug":"valdes-firmo-por-obras-y-dijo-que-el-abandono-viene-del-gobierno-anterior","status":"publish","type":"post","link":"https:\/\/corrientesdetarde.com\/index.php\/politica\/valdes-firmo-por-obras-y-dijo-que-el-abandono-viene-del-gobierno-anterior\/","title":{"rendered":"Vald\u00e9s firm\u00f3 por obras y dijo que el abandono viene del gobierno anterior"},"content":{"rendered":"\n<p>&#8220;Conseguimos reactivar obras fundamentales para Corrientes&#8221;, anunci\u00f3 el gobernador Gustavo Vald\u00e9s tras reunirse con el jefe de Gabinete de la Naci\u00f3n, Guillermo Francos, y rubricar el convenio correspondiente para retomar los proyectos paralizados desde hace al menos medio a\u00f1o.<\/p>\n\n\n\n<p>Sin embargo, el mandatario correntino puso a salvo al Gobierno de Javier Milei y apunt\u00f3 contra la gesti\u00f3n de Alberto Fern\u00e1ndez. Y dijo que las obras &#8220;hab\u00edan sido paralizadas y abandonadas por el Gobierno Nacional anterior&#8221;.<\/p>\n\n\n\n<p>En la Ciudad Aut\u00f3noma de Buenos Aires, Vald\u00e9s finalmente firm\u00f3 el acuerdo, que ya estaba casi listo hace un par de semanas, pero se extendieron los tiempos al estar siguiendo de cerca el caso de Loan, el ni\u00f1o que desapareci\u00f3 hace casi un mes en la localidad de 9 de Julio y a\u00fan no se sabe d\u00f3nde est\u00e1.<\/p>\n\n\n\n<p>Este jueves, el Gobernador correntino rubric\u00f3 el convenio como ya lo hicieron varios de sus pares desde fines de mayo, como el caso del chaque\u00f1o Leandro Zdero.<\/p>\n\n\n\n<p>La lista de obras por reactivar incluye a la paradigm\u00e1tica Autov\u00eda de la Ruta Nacional 12, sobre el acceso a la capital provincial. A\u00fan resta detalles de modalidad y nuevos plazos de construcci\u00f3n.<\/p>\n\n\n\n<p>La n\u00f3mina de proyectos por retomar incluye varias obras de agua potable y red cloacal.<\/p>\n\n\n\n<p>Vald\u00e9s, a trav\u00e9s de sus redes sociales, indic\u00f3 que &#8220;la Naci\u00f3n reanudar\u00e1 obras p\u00fablicas en la provincia&#8221; y agradeci\u00f3 al presidente Javier Milei &#8220;por su compromiso y apoyo&#8221;.<\/p>\n\n\n\n<h2 class=\"wp-block-heading\">Reactivaci\u00f3n<\/h2>\n\n\n\n<p>En el listado de obras que ser\u00e1n reactivadas figura la Autov\u00eda de la Ruta Nacional 12, la Ruta Provincial 126 desde la Ruta Provincial 23, en Sauce, hasta la Ruta Nacional 199, sumado a los trabajos que se realizar\u00e1n en la Ruta 12 y Ruta Provincial 123 con diferentes tramos.<\/p>\n\n\n\n<p>A su vez, tambi\u00e9n se avanzar\u00e1 con la remodelaci\u00f3n y prolongaci\u00f3n de colectores cloacales y planta depuradora, y un nuevo puente en la Ruta 12 Esquina-Goya.<\/p>\n\n\n\n<p>En consiguiente, la reactivaci\u00f3n se dar\u00e1 en desag\u00fces cloacales y planta de tratamiento en Paso de la Patria, en la ampliaci\u00f3n de la red de desag\u00fces cloacales en Saladas, Santo Tom\u00e9, Mercedes como tambi\u00e9n en la red de cloacas y planta de tratamiento del Paraje Labougle-Monte Caseros. Asimismo, tambi\u00e9n se trabajar\u00e1 sobre el circuito hist\u00f3rico y cultural &#8220;\u00d1anderek\u00f3&#8221; (en la costanera capitalina).<\/p>\n\n\n\n<p>Tambi\u00e9n incluye la ampliaci\u00f3n del sistema de red de agua potable en la localidad de Ca\u00e1 Cat\u00ed, en la construcci\u00f3n de un centro territorial integral de pol\u00edticas de g\u00e9nero y diversidad en Paso de los Libres, como tambi\u00e9n en la remodelaci\u00f3n de planta potabilizadora de los Libres.<\/p>\n\n\n\n<p>De igual manera, figura la red integral de cloacas en las localidades de Riachuelo y Santa Rosa. Como tambi\u00e9n la adecuaci\u00f3n del sistema de agua potable en San Miguel y en el barrio Las Palmas de Curuz\u00fa Cuati\u00e1.<\/p>\n\n\n\n<p>Finalmente, entre el listado de las obras a reactivar est\u00e1n la ampliaci\u00f3n de la red de agua en Concepci\u00f3n, la red de agua integral del ejido urbano con readecuaci\u00f3n de tanques en Colonia Libertad y se avanzar\u00e1 en la construcci\u00f3n de dos tanques con perforaciones en Ber\u00f3n de Astrada y en la adecuaci\u00f3n del sistema de agua potable en Loreto.<\/p>\n\n\n\n<h2 class=\"wp-block-heading\">Un emblema del freno de la actividad y la inc\u00f3gnita en el \u00e1rea educativa<\/h2>\n\n\n\n<figure class=\"wp-block-image is-resized\"><img decoding=\"async\" src=\"https:\/\/www.diarioepoca.com\/content\/bucket\/6\/1372906w380h211c.jpg.webp\" alt=\"\" style=\"width:840px;height:auto\"\/><\/figure>\n\n\n\n<p>Despu\u00e9s de firmar el acuerdo con Naci\u00f3n para la reactivaci\u00f3n de obras nacionales en territorio provincial, el gobernador Gustavo Vald\u00e9s expuso detalles en una entrevista radial con un medio local.<\/p>\n\n\n\n<p>En principio, confirm\u00f3 que se retomar\u00e1n los trabajos de construcci\u00f3n de la Autov\u00eda en la Ruta Nacional 12 (un emblema del receso), sobre el acceso a la capital correntina. Adem\u00e1s, destac\u00f3 la continuidad de los trabajos en la Ruta 126 en Sauce y de varias obras cloacales en el interior provincial y de la planta de tratamiento de l\u00edquidos cloacales en Capital.<\/p>\n\n\n\n<p>&#8220;Ya firmamos con Naci\u00f3n los convenios correspondientes&#8221;, dijo y reconoci\u00f3 que tambi\u00e9n la Provincia &#8220;est\u00e1 haciendo un compromiso muy grande para continuarlas&#8221; porque, adem\u00e1s, existe un trabajo muy &#8220;s\u00f3lido y continuo con la Naci\u00f3n&#8221;. Tambi\u00e9n se\u00f1al\u00f3: &#8220;Hay otras obras, pero tienen tiene que ver con un detalle muy extenso&#8221;.<\/p>\n\n\n\n<p>Vald\u00e9s destac\u00f3 el trabajo conjunto con Vialidad Provincial y el Ministerio de Educaci\u00f3n, sobre el que en poco tiempo m\u00e1s se estar\u00e1 brindando mayores detalles. Asimismo, destac\u00f3 el trabajo que se viene realizando con la C\u00e1mara de la Construcci\u00f3n, lo que permitir\u00e1 &#8220;tener un panorama de todo lo que se viene haciendo en Corrientes&#8221;, dijo a radio Sudamericana.<\/p>\n\n\n\n<p>Si bien con Naci\u00f3n no se expresaron de tiempos concretos de ejecuci\u00f3n, Vald\u00e9s asegur\u00f3: &#8220;Hay un buen panorama, la econom\u00eda est\u00e1 mejorando, empieza a motorizarse todo y vamos a seguir hacia adelante&#8221;.<\/p>\n\n\n\n<p>En este sentido, reconoci\u00f3 el &#8220;anhelo de 18 gobernadores que asumieron el compromiso el \u00faltimo 9 de julio de tener racionabilidad en la funci\u00f3n p\u00fablica de saber qu\u00e9 se har\u00e1 hacia adelante&#8221;.<\/p>\n\n\n\n<p>Por otra parte, en Corrientes hay casi 60 obras pendientes correspondientes a escuelas. Al respecto, el mandatario se\u00f1al\u00f3 que algunas no podr\u00e1n continuar por ahora, pero otras tantas estar\u00e1n encuadradas dentro del Presupuesto provincial. Se trata de obras puntuales como la Escuela Portuaria de la ciudad de Corrientes y una en la localidad de Chavarr\u00eda, porque &#8220;los chicos quedaron en medio de este tironeo&#8221;, describi\u00f3 Vald\u00e9s.<\/p>\n\n\n\n<p>&#8220;A partir de ahora nos pondremos manos a la obra en lo que tenga que ver con infraestructura escolar, que para nosotros es fundamental&#8221;, asegur\u00f3 el gobernador.<\/p>\n\n\n\n<p>Asimismo, se\u00f1al\u00f3: &#8220;Habr\u00e1 algunas obras que tendremos que recortar, ponerlo en cola de impresi\u00f3n, en un par\u00e9ntesis&#8221;, de forma temporal. Pero tambi\u00e9n rescat\u00f3 que seguramente, en el Presupuesto del a\u00f1o que viene ser\u00e1n contempladas. &#8220;Ni bien podamos desahogar los recursos, seguramente estar\u00e1n contempladas en el presupuesto&#8221;, insisti\u00f3 Vald\u00e9s.<\/p>\n\n\n\n<h2 class=\"wp-block-heading\">Recorrida por los parques industriales de la provincia<\/h2>\n\n\n\n<figure class=\"wp-block-image is-resized\"><img decoding=\"async\" src=\"https:\/\/www.diarioepoca.com\/content\/bucket\/7\/1372907w380h280c.jpg.webp\" alt=\"\" style=\"width:840px;height:auto\"\/><\/figure>\n\n\n\n<p>La ministra de Industria, Mariel Gabur, junto a su equipo de trabajo despliega una recorrida por los distintos parques industriales de la provincia.<\/p>\n\n\n\n<p>En este sentido, la funcionaria visit\u00f3 el Parque Industrial de Mercedes y luego har\u00e1 lo propio con el de Paso de los Libres en una labor de supervisi\u00f3n de las obras que se llevan adelante para brindar las mejores condiciones a los inversores privados ya radicados y otros que se est\u00e1n por sumar.<\/p>\n","protected":false},"excerpt":{"rendered":"<p>&#8220;Conseguimos reactivar obras fundamentales para Corrientes&#8221;, anunci\u00f3 el gobernador Gustavo Vald\u00e9s tras reunirse con el jefe de Gabinete de la Naci\u00f3n, Guillermo Francos, y rubricar el convenio correspondiente para retomar&hellip; <\/p>\n","protected":false},"author":12,"featured_media":152373,"comment_status":"closed","ping_status":"open","sticky":false,"template":"","format":"standard","meta":{"footnotes":""},"categories":[23,3],"tags":[],"class_list":["post-152365","post","type-post","status-publish","format-standard","has-post-thumbnail","hentry","category-actualidad","category-politica"],"_links":{"self":[{"href":"https:\/\/corrientesdetarde.com\/index.php\/wp-json\/wp\/v2\/posts\/152365","targetHints":{"allow":["GET"]}}],"collection":[{"href":"https:\/\/corrientesdetarde.com\/index.php\/wp-json\/wp\/v2\/posts"}],"about":[{"href":"https:\/\/corrientesdetarde.com\/index.php\/wp-json\/wp\/v2\/types\/post"}],"author":[{"embeddable":true,"href":"https:\/\/corrientesdetarde.com\/index.php\/wp-json\/wp\/v2\/users\/12"}],"replies":[{"embeddable":true,"href":"https:\/\/corrientesdetarde.com\/index.php\/wp-json\/wp\/v2\/comments?post=152365"}],"version-history":[{"count":1,"href":"https:\/\/corrientesdetarde.com\/index.php\/wp-json\/wp\/v2\/posts\/152365\/revisions"}],"predecessor-version":[{"id":152374,"href":"https:\/\/corrientesdetarde.com\/index.php\/wp-json\/wp\/v2\/posts\/152365\/revisions\/152374"}],"wp:featuredmedia":[{"embeddable":true,"href":"https:\/\/corrientesdetarde.com\/index.php\/wp-json\/wp\/v2\/media\/152373"}],"wp:attachment":[{"href":"https:\/\/corrientesdetarde.com\/index.php\/wp-json\/wp\/v2\/media?parent=152365"}],"wp:term":[{"taxonomy":"category","embeddable":true,"href":"https:\/\/corrientesdetarde.com\/index.php\/wp-json\/wp\/v2\/categories?post=152365"},{"taxonomy":"post_tag","embeddable":true,"href":"https:\/\/corrientesdetarde.com\/index.php\/wp-json\/wp\/v2\/tags?post=152365"}],"curies":[{"name":"wp","href":"https:\/\/api.w.org\/{rel}","templated":true}]}}