{"id":152366,"date":"2024-07-12T08:27:12","date_gmt":"2024-07-12T11:27:12","guid":{"rendered":"https:\/\/corrientesdetarde.com\/?p=152366"},"modified":"2024-07-12T08:27:17","modified_gmt":"2024-07-12T11:27:17","slug":"proponen-reducir-a-30-minutos-el-cobro-minimo-de-estacionamiento","status":"publish","type":"post","link":"https:\/\/corrientesdetarde.com\/index.php\/informacion-general\/proponen-reducir-a-30-minutos-el-cobro-minimo-de-estacionamiento\/","title":{"rendered":"Proponen reducir a 30 minutos el cobro m\u00ednimo de estacionamiento"},"content":{"rendered":"\n<p>En el \u00e1mbito del Concejo Deliberante capitalino, ayer tom\u00f3 estado parlamentario un proyecto que plantea modificar la Ordenanza N\u00ba1971 para reducir el tiempo m\u00ednimo de estacionamiento medido a 30 minutos (actualmente es de una hora).<\/p>\n\n\n\n<p>La propuesta normativa fue presentada por los ediles oficialistas Cecilia Ojeda Duarte, Yamand\u00fa Barrios e Ignacio Rodr\u00edguez Mateos, y tras su ingreso, en el marco de la decimos\u00e9ptima sesi\u00f3n, fue girada a las comisiones de Obras y Legislaci\u00f3n.<\/p>\n\n\n\n<p>Actualmente, los veh\u00edculos particulares radicados en la ciudad que est\u00e1n con el impuesto automotor al d\u00eda pagan $300 por hora de estacionamiento. Para los veh\u00edculos registrados en la ciudad, pero que no est\u00e1n al d\u00eda con el canon de la patente la tarifa es de $450 y para los no radicados en la ciudad, directamente, el importe es $600.<\/p>\n\n\n\n<p>La portavoz del proyecto, la concejal Cecilia Ojeda Duarte, destac\u00f3 que esta iniciativa surgi\u00f3 debido a los reclamos de los vecinos que argumentan que muchas veces solo necesitan estacionar por per\u00edodos cortos, de 15 o 20 minutos, pero se ven obligados a pagar una hora completa.<\/p>\n\n\n\n<p>Hay que recordar que a fines de abril se defini\u00f3 un incremento del cien por ciento en la tarifa y a partir de all\u00ed proliferaron los reclamos de los ocasionales usuarios.<\/p>\n\n\n\n<p>&#8220;Nos pareci\u00f3 oportuno presentar este proyecto para reducir el tiempo m\u00ednimo de pago a 30 minutos, con un costo proporcional de $150 para residentes con la patente al d\u00eda, $225 para los residentes que no est\u00e1n al d\u00eda con el impuesto automotor y $300 para no residentes&#8221;, sostuvo la edil de Encuentro Liberal (ELI).<\/p>\n\n\n\n<p>Adem\u00e1s, record\u00f3 que en 2022 present\u00f3 un proyecto de ordenanza para la unificaci\u00f3n del sistema de estacionamiento medido y los espacios reservados. &#8220;La idea es que todas estas modificaciones se materialicen a trav\u00e9s de una ordenanza para facilitar y hacer m\u00e1s justo el sistema de estacionamiento y todo se implementar\u00eda a trav\u00e9s de la aplicaci\u00f3n que est\u00e1 operativa&#8221;, enfatiz\u00f3 la concejal. La presentaci\u00f3n de este proyecto no cay\u00f3 muy bien entre los tarjeteros de la ciudad, quienes se manifestaron frente al HCD&nbsp;<\/p>\n","protected":false},"excerpt":{"rendered":"<p>En el \u00e1mbito del Concejo Deliberante capitalino, ayer tom\u00f3 estado parlamentario un proyecto que plantea modificar la Ordenanza N\u00ba1971 para reducir el tiempo m\u00ednimo de estacionamiento medido a 30 minutos&hellip; <\/p>\n","protected":false},"author":12,"featured_media":152375,"comment_status":"closed","ping_status":"open","sticky":false,"template":"","format":"standard","meta":{"footnotes":""},"categories":[23,1],"tags":[],"class_list":["post-152366","post","type-post","status-publish","format-standard","has-post-thumbnail","hentry","category-actualidad","category-informacion-general"],"_links":{"self":[{"href":"https:\/\/corrientesdetarde.com\/index.php\/wp-json\/wp\/v2\/posts\/152366","targetHints":{"allow":["GET"]}}],"collection":[{"href":"https:\/\/corrientesdetarde.com\/index.php\/wp-json\/wp\/v2\/posts"}],"about":[{"href":"https:\/\/corrientesdetarde.com\/index.php\/wp-json\/wp\/v2\/types\/post"}],"author":[{"embeddable":true,"href":"https:\/\/corrientesdetarde.com\/index.php\/wp-json\/wp\/v2\/users\/12"}],"replies":[{"embeddable":true,"href":"https:\/\/corrientesdetarde.com\/index.php\/wp-json\/wp\/v2\/comments?post=152366"}],"version-history":[{"count":1,"href":"https:\/\/corrientesdetarde.com\/index.php\/wp-json\/wp\/v2\/posts\/152366\/revisions"}],"predecessor-version":[{"id":152376,"href":"https:\/\/corrientesdetarde.com\/index.php\/wp-json\/wp\/v2\/posts\/152366\/revisions\/152376"}],"wp:featuredmedia":[{"embeddable":true,"href":"https:\/\/corrientesdetarde.com\/index.php\/wp-json\/wp\/v2\/media\/152375"}],"wp:attachment":[{"href":"https:\/\/corrientesdetarde.com\/index.php\/wp-json\/wp\/v2\/media?parent=152366"}],"wp:term":[{"taxonomy":"category","embeddable":true,"href":"https:\/\/corrientesdetarde.com\/index.php\/wp-json\/wp\/v2\/categories?post=152366"},{"taxonomy":"post_tag","embeddable":true,"href":"https:\/\/corrientesdetarde.com\/index.php\/wp-json\/wp\/v2\/tags?post=152366"}],"curies":[{"name":"wp","href":"https:\/\/api.w.org\/{rel}","templated":true}]}}