{"id":152368,"date":"2024-07-12T08:18:16","date_gmt":"2024-07-12T11:18:16","guid":{"rendered":"https:\/\/corrientesdetarde.com\/?p=152368"},"modified":"2024-07-12T08:18:28","modified_gmt":"2024-07-12T11:18:28","slug":"gustavo-valdes-anuncio-aumento-salarial-para-los-trabajadores-provinciales","status":"publish","type":"post","link":"https:\/\/corrientesdetarde.com\/index.php\/locales\/gustavo-valdes-anuncio-aumento-salarial-para-los-trabajadores-provinciales\/","title":{"rendered":"Gustavo Vald\u00e9s anunci\u00f3 aumento salarial para los trabajadores provinciales"},"content":{"rendered":"\n<p>l gobernador Gustavo Vald\u00e9s anunci\u00f3 que los trabajadores activos y pasivos de la provincia tendr\u00e1n un nuevo incremento salarial. &nbsp;El anunci\u00f3 lo hizo en di\u00e1logo con Radio Dos.&nbsp; De esa manera,&nbsp; el Gobierno implementar\u00e1 la quinta actualizaci\u00f3n salarial para la administraci\u00f3n p\u00fablica en lo que va de este a\u00f1o.&nbsp;<\/p>\n\n\n\n<p>Sobre cu\u00e1ndo se podr\u00eda dar la actualizaci\u00f3n de haberes, dijo que &#8220;estamos evaluando, pero mes de agosto seguro y vamos a estar mirando julio&#8221;. &#8220;Vamos a estar dando un aumento de sueldo seguramente este mes si ya tenemos los recursos o el otro mes&#8221;, afirm\u00f3.<\/p>\n","protected":false},"excerpt":{"rendered":"<p>l gobernador Gustavo Vald\u00e9s anunci\u00f3 que los trabajadores activos y pasivos de la provincia tendr\u00e1n un nuevo incremento salarial. &nbsp;El anunci\u00f3 lo hizo en di\u00e1logo con Radio Dos.&nbsp; De esa&hellip; <\/p>\n","protected":false},"author":12,"featured_media":152369,"comment_status":"closed","ping_status":"open","sticky":false,"template":"","format":"standard","meta":{"footnotes":""},"categories":[8],"tags":[],"class_list":["post-152368","post","type-post","status-publish","format-standard","has-post-thumbnail","hentry","category-locales"],"_links":{"self":[{"href":"https:\/\/corrientesdetarde.com\/index.php\/wp-json\/wp\/v2\/posts\/152368","targetHints":{"allow":["GET"]}}],"collection":[{"href":"https:\/\/corrientesdetarde.com\/index.php\/wp-json\/wp\/v2\/posts"}],"about":[{"href":"https:\/\/corrientesdetarde.com\/index.php\/wp-json\/wp\/v2\/types\/post"}],"author":[{"embeddable":true,"href":"https:\/\/corrientesdetarde.com\/index.php\/wp-json\/wp\/v2\/users\/12"}],"replies":[{"embeddable":true,"href":"https:\/\/corrientesdetarde.com\/index.php\/wp-json\/wp\/v2\/comments?post=152368"}],"version-history":[{"count":1,"href":"https:\/\/corrientesdetarde.com\/index.php\/wp-json\/wp\/v2\/posts\/152368\/revisions"}],"predecessor-version":[{"id":152370,"href":"https:\/\/corrientesdetarde.com\/index.php\/wp-json\/wp\/v2\/posts\/152368\/revisions\/152370"}],"wp:featuredmedia":[{"embeddable":true,"href":"https:\/\/corrientesdetarde.com\/index.php\/wp-json\/wp\/v2\/media\/152369"}],"wp:attachment":[{"href":"https:\/\/corrientesdetarde.com\/index.php\/wp-json\/wp\/v2\/media?parent=152368"}],"wp:term":[{"taxonomy":"category","embeddable":true,"href":"https:\/\/corrientesdetarde.com\/index.php\/wp-json\/wp\/v2\/categories?post=152368"},{"taxonomy":"post_tag","embeddable":true,"href":"https:\/\/corrientesdetarde.com\/index.php\/wp-json\/wp\/v2\/tags?post=152368"}],"curies":[{"name":"wp","href":"https:\/\/api.w.org\/{rel}","templated":true}]}}