{"id":152436,"date":"2024-07-12T11:02:03","date_gmt":"2024-07-12T14:02:03","guid":{"rendered":"https:\/\/corrientesdetarde.com\/?p=152436"},"modified":"2024-07-12T11:02:15","modified_gmt":"2024-07-12T14:02:15","slug":"taller-de-alfabetizacion-informacional-en-la-biblioteca-infantil","status":"publish","type":"post","link":"https:\/\/corrientesdetarde.com\/index.php\/informacion-general\/taller-de-alfabetizacion-informacional-en-la-biblioteca-infantil\/","title":{"rendered":"Taller de Alfabetizaci\u00f3n Informacional en la Biblioteca Infantil"},"content":{"rendered":"\n<p>En el marco de la pre-feria del Libro (realizada el jueves), el Ministerio de Educaci\u00f3n a trav\u00e9s de la Direcci\u00f3n de Pol\u00edticas Socioeducativas y su Centro de Documentaci\u00f3n e Informaci\u00f3n Educativa y Bibliotecas (CDIE), realiz\u00f3 un taller titulado &#8220;Alfabetizaci\u00f3n: una prioridad Educativa del Ministerio de Educaci\u00f3n&#8221;. La organizaci\u00f3n cont\u00f3 con la colaboraci\u00f3n de estudiantes del 1er a\u00f1o de la carrera de Bibliotecolog\u00eda del Instituto Superior Carmen Molina de Llano y participaron 153 alumnos de Nivel Inicial y Primario de diferentes instituciones educativas.<\/p>\n\n\n\n<p>De manera articulada se cre\u00f3 un stand que desarroll\u00f3 los procesos de Alfabetizaci\u00f3n Informacional y Comprensi\u00f3n Lectora. La actividad consisti\u00f3 en el reordenamiento de la colecci\u00f3n literaria de la biblioteca escolar bajo criterios de selecci\u00f3n y evaluaci\u00f3n espec\u00edficas.<\/p>\n\n\n\n<p>Realizaron la propuesta de:<\/p>\n\n\n\n<p>1) Identificaci\u00f3n de la necesidad de informaci\u00f3n<\/p>\n\n\n\n<p>2) B\u00fasqueda y recuperaci\u00f3n de datos<\/p>\n\n\n\n<p>3) Selecci\u00f3n de la informaci\u00f3n<\/p>\n\n\n\n<p>4) Evaluaci\u00f3n mediante criterios<\/p>\n\n\n\n<p>5) Uso \u00e9tico de la informaci\u00f3n<\/p>\n\n\n\n<p>Esta herramienta denominada Alfabetizaci\u00f3n Informacional (Alfin), es propicia para el fortalecimiento de la comprensi\u00f3n lectora en sus distintas etapas (prelectura, lectura y poslectura).<\/p>\n\n\n\n<p><\/p>\n\n\n\n<figure class=\"wp-block-gallery has-nested-images columns-default is-cropped wp-block-gallery-1 is-layout-flex wp-block-gallery-is-layout-flex\">\n<figure class=\"wp-block-image size-large\"><img loading=\"lazy\" decoding=\"async\" width=\"1024\" height=\"576\" data-id=\"152437\" src=\"https:\/\/corrientesdetarde.com\/wp-content\/uploads\/2024\/07\/imagen-88571-1024x576.jpg\" alt=\"\" class=\"wp-image-152437\" srcset=\"https:\/\/corrientesdetarde.com\/wp-content\/uploads\/2024\/07\/imagen-88571-1024x576.jpg 1024w, https:\/\/corrientesdetarde.com\/wp-content\/uploads\/2024\/07\/imagen-88571-300x169.jpg 300w, https:\/\/corrientesdetarde.com\/wp-content\/uploads\/2024\/07\/imagen-88571-768x432.jpg 768w, https:\/\/corrientesdetarde.com\/wp-content\/uploads\/2024\/07\/imagen-88571.jpg 1280w\" sizes=\"auto, (max-width: 1024px) 100vw, 1024px\" \/><\/figure>\n<\/figure>\n","protected":false},"excerpt":{"rendered":"<p>En el marco de la pre-feria del Libro (realizada el jueves), el Ministerio de Educaci\u00f3n a trav\u00e9s de la Direcci\u00f3n de Pol\u00edticas Socioeducativas y su Centro de Documentaci\u00f3n e Informaci\u00f3n&hellip; <\/p>\n","protected":false},"author":12,"featured_media":152438,"comment_status":"closed","ping_status":"open","sticky":false,"template":"","format":"standard","meta":{"footnotes":""},"categories":[1],"tags":[],"class_list":["post-152436","post","type-post","status-publish","format-standard","has-post-thumbnail","hentry","category-informacion-general"],"_links":{"self":[{"href":"https:\/\/corrientesdetarde.com\/index.php\/wp-json\/wp\/v2\/posts\/152436","targetHints":{"allow":["GET"]}}],"collection":[{"href":"https:\/\/corrientesdetarde.com\/index.php\/wp-json\/wp\/v2\/posts"}],"about":[{"href":"https:\/\/corrientesdetarde.com\/index.php\/wp-json\/wp\/v2\/types\/post"}],"author":[{"embeddable":true,"href":"https:\/\/corrientesdetarde.com\/index.php\/wp-json\/wp\/v2\/users\/12"}],"replies":[{"embeddable":true,"href":"https:\/\/corrientesdetarde.com\/index.php\/wp-json\/wp\/v2\/comments?post=152436"}],"version-history":[{"count":1,"href":"https:\/\/corrientesdetarde.com\/index.php\/wp-json\/wp\/v2\/posts\/152436\/revisions"}],"predecessor-version":[{"id":152439,"href":"https:\/\/corrientesdetarde.com\/index.php\/wp-json\/wp\/v2\/posts\/152436\/revisions\/152439"}],"wp:featuredmedia":[{"embeddable":true,"href":"https:\/\/corrientesdetarde.com\/index.php\/wp-json\/wp\/v2\/media\/152438"}],"wp:attachment":[{"href":"https:\/\/corrientesdetarde.com\/index.php\/wp-json\/wp\/v2\/media?parent=152436"}],"wp:term":[{"taxonomy":"category","embeddable":true,"href":"https:\/\/corrientesdetarde.com\/index.php\/wp-json\/wp\/v2\/categories?post=152436"},{"taxonomy":"post_tag","embeddable":true,"href":"https:\/\/corrientesdetarde.com\/index.php\/wp-json\/wp\/v2\/tags?post=152436"}],"curies":[{"name":"wp","href":"https:\/\/api.w.org\/{rel}","templated":true}]}}