{"id":152454,"date":"2024-07-12T15:46:18","date_gmt":"2024-07-12T18:46:18","guid":{"rendered":"https:\/\/corrientesdetarde.com\/?p=152454"},"modified":"2024-07-12T15:46:29","modified_gmt":"2024-07-12T18:46:29","slug":"la-salud-de-jorge-lanata-dramaticas-versiones-de-una-situacion-extrema-y-critica-y-el-parte-medico-oficial","status":"publish","type":"post","link":"https:\/\/corrientesdetarde.com\/index.php\/espectaculos\/la-salud-de-jorge-lanata-dramaticas-versiones-de-una-situacion-extrema-y-critica-y-el-parte-medico-oficial\/","title":{"rendered":"La salud de Jorge Lanata: dram\u00e1ticas versiones de una situaci\u00f3n extrema y cr\u00edtica y el parte m\u00e9dico oficial"},"content":{"rendered":"\n<p>La salud de Jorge Lanata se volvi\u00f3 &#8220;tema nacional&#8221; en las \u00faltimas horas -despu\u00e9s de veintipico de d\u00edas de tensa quietud- cuando&nbsp;<strong>arreciaron versiones de todo tipo, en mayor o menor medida todas desfavorables<\/strong>, y luego lleg\u00f3 un parte m\u00e9dico oficial por lo menos m\u00ednimamente m\u00e1s alentador que los rumores que hablaban de una situaci\u00f3n extremadamente cr\u00edtica y de desenlace inminente.&nbsp;<em><strong>&#8220;Se encuentra en proceso de descomplejizaci\u00f3n&#8221;<\/strong><\/em>, asegur\u00f3 el Hospital Italiano en un comunicado.<\/p>\n\n\n\n<p>Lanata se encuentra internado all\u00ed hace un mes, cuando la realizaci\u00f3n de una tomograf\u00eda pulmonar deriv\u00f3 en un infarto o paro cardiorespiratorio del que pudo ser socorrido de forma dram\u00e1tica. Teniendo en cuenta esa coyuntura y sus antecedentes sanitarios (entre muchas otras cosas, est\u00e1 trasplantado de un ri\u00f1\u00f3n) fue ingresado en la sala de cuidados intensivos del sanatorio para su seguimiento permanente.<\/p>\n\n\n\n<p>Comenz\u00f3, entonces, una larga internaci\u00f3n que con el correr de los d\u00edas fue perdiendo intensidad de aparici\u00f3n medi\u00e1tica. Se sigui\u00f3 hablando del tema, pero ya de manera espor\u00e1dica porque no se comunicaban grandes novedades. Las escasas informaciones nunca fueron muy positivas, y tanto d\u00edas de permanencia en un centro asistencial derivaron en un agravamiento del cuadro en el arranque de esta semana, cuando un informe que present\u00f3 \u00c1ngel de Brito en LAM activo nuevamente todas las alarmas.<\/p>\n\n\n\n<p>Seg\u00fan el conductor del ciclo chimentero, Lanata estaba mantenido con vida &#8220;gracias a las m\u00e1quinas a las que est\u00e1 conectado&#8221;. Esa frase gener\u00f3 temor y much\u00edsima preocupaci\u00f3n tanto en los medios como entre los televidentes, sensaciones que se profundizaron con el correr de las horas cuando empez\u00f3 a decirse que el periodista &#8220;pend\u00eda de un hilo&#8221; y que era su esposa, la abogada Elba Marcovecchio, quien deb\u00eda tomar la delicad\u00edsima decisi\u00f3n de continuar con el tratamiento o &#8220;dejarlo&#8221; a la espera de &#8220;la decisi\u00f3n de Dios o la naturaleza&#8221;. En ese marco de angustia y nerviosismo lleg\u00f3 el comunicado del Hospital Italiano.<\/p>\n\n\n\n<h2 class=\"wp-block-heading\">EL PARTE MEDICO OFICIAL SOBRE LA SALUD DE JORGE LANATA<\/h2>\n\n\n\n<p>El informe del Italiano est\u00e1 fechado en &#8220;Buenos Aires, 12 de julio de 2024&#8221; y dice, textual, que&nbsp;<em><strong>&#8220;el paciente Jorge Ernesto Lanata se halla internado en la terapia intensiva del Hospital Italiano de Buenos Aires. Actualmente se encuentra cursando una infecci\u00f3n urinaria con tratamiento antibi\u00f3tico adecuado. Paciente en buen estado general, estable, en asistencia ventilatoria mec\u00e1nica, hemodin\u00e1micamente compensado&#8221;<\/strong><\/em>.<\/p>\n\n\n\n<p>M\u00e1s adelante, el comunicado del nosocomio informa que&nbsp;<strong>Lanata est\u00e1&nbsp;<em>&#8220;con leve deterioro de la funci\u00f3n renal, sin requerimiento soporte artificial. Sin otras alteraciones org\u00e1nicas asociadas, se encuentra en proceso de descomplejizaci\u00f3n&#8221;<\/em><\/strong>. Todos se sumaron a las cadenas de oraci\u00f3n para desear y pedir por una pronta y franca mejor\u00eda.<\/p>\n","protected":false},"excerpt":{"rendered":"<p>La salud de Jorge Lanata se volvi\u00f3 &#8220;tema nacional&#8221; en las \u00faltimas horas -despu\u00e9s de veintipico de d\u00edas de tensa quietud- cuando&nbsp;arreciaron versiones de todo tipo, en mayor o menor&hellip; <\/p>\n","protected":false},"author":1,"featured_media":152461,"comment_status":"closed","ping_status":"open","sticky":false,"template":"","format":"standard","meta":{"footnotes":""},"categories":[19],"tags":[],"class_list":["post-152454","post","type-post","status-publish","format-standard","has-post-thumbnail","hentry","category-espectaculos"],"_links":{"self":[{"href":"https:\/\/corrientesdetarde.com\/index.php\/wp-json\/wp\/v2\/posts\/152454","targetHints":{"allow":["GET"]}}],"collection":[{"href":"https:\/\/corrientesdetarde.com\/index.php\/wp-json\/wp\/v2\/posts"}],"about":[{"href":"https:\/\/corrientesdetarde.com\/index.php\/wp-json\/wp\/v2\/types\/post"}],"author":[{"embeddable":true,"href":"https:\/\/corrientesdetarde.com\/index.php\/wp-json\/wp\/v2\/users\/1"}],"replies":[{"embeddable":true,"href":"https:\/\/corrientesdetarde.com\/index.php\/wp-json\/wp\/v2\/comments?post=152454"}],"version-history":[{"count":1,"href":"https:\/\/corrientesdetarde.com\/index.php\/wp-json\/wp\/v2\/posts\/152454\/revisions"}],"predecessor-version":[{"id":152462,"href":"https:\/\/corrientesdetarde.com\/index.php\/wp-json\/wp\/v2\/posts\/152454\/revisions\/152462"}],"wp:featuredmedia":[{"embeddable":true,"href":"https:\/\/corrientesdetarde.com\/index.php\/wp-json\/wp\/v2\/media\/152461"}],"wp:attachment":[{"href":"https:\/\/corrientesdetarde.com\/index.php\/wp-json\/wp\/v2\/media?parent=152454"}],"wp:term":[{"taxonomy":"category","embeddable":true,"href":"https:\/\/corrientesdetarde.com\/index.php\/wp-json\/wp\/v2\/categories?post=152454"},{"taxonomy":"post_tag","embeddable":true,"href":"https:\/\/corrientesdetarde.com\/index.php\/wp-json\/wp\/v2\/tags?post=152454"}],"curies":[{"name":"wp","href":"https:\/\/api.w.org\/{rel}","templated":true}]}}