{"id":152463,"date":"2024-07-12T15:58:57","date_gmt":"2024-07-12T18:58:57","guid":{"rendered":"https:\/\/corrientesdetarde.com\/?p=152463"},"modified":"2024-07-12T15:59:09","modified_gmt":"2024-07-12T18:59:09","slug":"programa-luminarias-celebracion-de-la-fiesta-nacional-de-francia-en-la-legislatura-provincial","status":"publish","type":"post","link":"https:\/\/corrientesdetarde.com\/index.php\/sociales\/programa-luminarias-celebracion-de-la-fiesta-nacional-de-francia-en-la-legislatura-provincial\/","title":{"rendered":"PROGRAMA LUMINARIAS: Celebraci\u00f3n de la fiesta nacional de Francia en la Legislatura provincial"},"content":{"rendered":"\n<p><\/p>\n\n\n\n<p>El vicegobernador, Pedro Braillard Poccard, encabez\u00f3 el acto de la independencia de Francia en el Hall de la Legislatura provincial.<\/p>\n\n\n\n<p>Esta celebraci\u00f3n se enmarca en el \u201cPrograma Luminarias\u201d aprobado por Resoluci\u00f3n N\u00b0 12 del a\u00f1o 2023, la Honorable C\u00e1mara de Senadores de la provincia a trav\u00e9s del cual se rinde homenaje a las naciones hermanas, pa\u00edses lim\u00edtrofes, miembros del Mercosur y de aquellos que tienen representaci\u00f3n consular en Corrientes o a trav\u00e9s de colectividades, iluminando la fachada del Palacio Legislativo en adhesi\u00f3n a las conmemoraciones por su fiesta nacional, con los colores de sus respectivas banderas.<\/p>\n\n\n\n<p>En honor a la Rep\u00fablica de Francia se apreci\u00f3 la fachada del Palacio Legislativo iluminada de azul, blanco y rojo, colores de la bandera francesa, con motivo de la conmemoraci\u00f3n de la Fiesta Nacional de Francia.<\/p>\n\n\n\n<p>En el acto se entonaron las estrofas del Himno Nacional Argentino y del Himno Nacional de Francia \u201cLa Marsellesa\u201d, interpretado por el profesor de canto Juan Manuel Mart\u00ednez.<\/p>\n\n\n\n<p>En sus palabras a cargo, el Vicegobernador Dr. Pedro Braillard Poccard expres\u00f3: &#8220;Realmente es un honor para nosotros recibirlos. Personalmente me siento argentino hasta los tu\u00e9tanos, amo mi pa\u00eds, amo el himno pero no puedo dejar de emocionarme cuando escucho &#8220;La Marsellesa&#8221; de mis ancestros franceses y con esa m\u00fasica que no solamente es linda sino que tiene tanta fuerza y solamente quiero recordar lo que signific\u00f3, lo que significa, Francia para la humanidad, la expansi\u00f3n de valores que se sintetizan en esos tres principios de libertad, igualdad y fraternidad pero que se hicieron valores universales&#8221;.<\/p>\n\n\n\n<p>Asimismo dijo &#8220;todos los que nos hemos dedicado a las ciencias sociales, a las ciencias pol\u00edticas encontramos gran parte de nuestras fuentes de inspiraci\u00f3n y de conocimiento en los autores franceses. Cuando llegu\u00e9 a visitar el pante\u00f3n de los grandes me emocionaba ver la tumba de aquellas personalidades que las le\u00edmos y estudiamos&#8221;, destac\u00f3.<\/p>\n\n\n\n<p>&#8220;Evidentemente como los franceses son muy buenos escribiendo no puedo omitir lo que fue la democracia en Am\u00e9rica de Alexis de Tocqueville que posiblemente la mejor descripci\u00f3n hasta hoy de la democracia mexicana pero me acuerdo de un libro que le\u00ed hace mucho tiempo de un ciudadano franc\u00e9s que fue muchos a\u00f1os presidente de la alianza francesa y describ\u00eda a los argentinos y despu\u00e9s hac\u00eda un cuadro muy gracioso que dec\u00eda c\u00f3mo est\u00e1 formado el argentino \u00bfNo? Entonces estaba una de esas ollas tradicionales de campa\u00f1a nuestra y dec\u00eda: en esa tantos espa\u00f1oles, tantos pueblos originarios y despu\u00e9s una buena dosis de italianos despu\u00e9s dejar reposar, meter una cuota de franceses. Y bueno todo lo que fue nuestra inmigraci\u00f3n, casi treinta pa\u00edses, y despu\u00e9s se saca un argentino y dice que hay que servirlo bien vestido e iluminado&#8221;, relat\u00f3 Braillard Poccard.<\/p>\n\n\n\n<p>&#8220;Es un honor que est\u00e9n aqu\u00ed para conmemorar un d\u00eda tan importante y con tanta significaci\u00f3n para toda la humanidad y Francia creo que hizo un aporte fundamental al dise\u00f1o del mundo contempor\u00e1neo porque fue uno de los protagonistas junto con Alemania, con Italia cuando le\u00eda las memorias dec\u00eda lo primero que tenemos que hacer es arreglar con los franceses porque hab\u00edan tenido tres guerras y bueno y se arreglaron franceses y alemanes hicieron conjuntamente con Italia y con el Benelux, hicieron la Europa, que con aciertos y errores, es una potencia econ\u00f3mica. Desde todo punto de vista y de valores, gracias por haber aceptado la invitaci\u00f3n de estar ac\u00e1&#8221;, resalt\u00f3 .<\/p>\n\n\n\n<p>Por su parte, la C\u00f3nsul honoraria Veronique Avart dijo &#8220;casi 100 a\u00f1os despu\u00e9s, en mayo de 1880, un diputado de Par\u00eds, Benjamin Raspail, present\u00f3 una ley haciendo que el 14 de julio sea la fiesta nacional. El 6 de julio se promulga como ley haciendo que el 14 de julio sea la fiesta nacional de Francia, en todo Francia, para celebrar el desfile militar que hasta ahora se hacen y la festividad popular que se hace de noche. La noci\u00f3n que se pertenece al 14 de julio son libertad, igualdad y fraternidad&#8221;.<\/p>\n\n\n\n<p>El acto cont\u00f3 con la presencia de la C\u00f3nsul Honoraria de Francia, Veronique Avart, quien preside la Agencia Consular Resistencia para las provincias de Chaco, Corrientes y Formosa; Yvonne Thomas, presidente de la Asociaci\u00f3n Franco Correntina, miembros de la Comisi\u00f3n Directiva e integrantes de la misma. Tambi\u00e9n acompa\u00f1aron el ministro de Derechos Humanos y Justicia, Juan Jos\u00e9 L\u00f3pez Desimoni, la diputada provincial Albana Rotela; el secretario de Deportes y Turismo de la Municipalidad, Juan Enrique Braillard Poccard, el Subsecretario de Promoci\u00f3n y Calidad de la Municipalidad, Juan Pedro Picasso, la concejal Melissa Mecca, y el presidente del Colegio de Abogados, Pedro Cotelo. Autoridades y miembros de las colectividades con asiento en nuestra provincia.<\/p>\n\n\n\n<p>ENTREGA DE LA DECLARACI\u00d3N DE INTER\u00c9S<\/p>\n\n\n\n<p>El Vicegobernador hizo entrega a la C\u00f3nsul Veronique Avart y a Yvonne Thomas, presidente de la Asociaci\u00f3n Franco Correntina, la declaraci\u00f3n de inter\u00e9s de la Presidencia de la Honorable C\u00e1mara de Senadores de la Provincia, que declara: \u201cEl presidente del Honorable Senado de la provincia de Corrientes declara de inter\u00e9s legislativo: la fiesta nacional de Francia, a celebrarse el d\u00eda 12 de julio del corriente a\u00f1o, en el Hall de la Legislatura de la provincia de Corrientes&#8221;.<\/p>\n\n\n\n<p>La toma de la Bastilla ocurri\u00f3 el 14 de julio de 1789 en Par\u00eds, es uno de los eventos inaugurales y emblem\u00e1ticos de la revoluci\u00f3n francesa. Este d\u00eda, revolucionarios asaltaron esta c\u00e1rcel, s\u00edmbolo de la monarqu\u00eda, en b\u00fasqueda de armas para responder a las tropas mercenarias listas para atacar. La importancia de este acto no lo fue del punto de vista militar, pero s\u00ed fue un se\u00edsmo pol\u00edtico tanto en Francia como en el extranjero.<\/p>\n\n\n\n<figure class=\"wp-block-image size-large\"><img loading=\"lazy\" decoding=\"async\" width=\"1024\" height=\"683\" src=\"https:\/\/corrientesdetarde.com\/wp-content\/uploads\/2024\/07\/IMG-20240712-WA0029-1024x683.jpg\" alt=\"\" class=\"wp-image-152472\" srcset=\"https:\/\/corrientesdetarde.com\/wp-content\/uploads\/2024\/07\/IMG-20240712-WA0029-1024x683.jpg 1024w, https:\/\/corrientesdetarde.com\/wp-content\/uploads\/2024\/07\/IMG-20240712-WA0029-300x200.jpg 300w, https:\/\/corrientesdetarde.com\/wp-content\/uploads\/2024\/07\/IMG-20240712-WA0029-768x512.jpg 768w, https:\/\/corrientesdetarde.com\/wp-content\/uploads\/2024\/07\/IMG-20240712-WA0029-1536x1024.jpg 1536w, https:\/\/corrientesdetarde.com\/wp-content\/uploads\/2024\/07\/IMG-20240712-WA0029.jpg 1599w\" sizes=\"auto, (max-width: 1024px) 100vw, 1024px\" \/><\/figure>\n\n\n\n<figure class=\"wp-block-image size-large\"><img loading=\"lazy\" decoding=\"async\" width=\"1024\" height=\"683\" src=\"https:\/\/corrientesdetarde.com\/wp-content\/uploads\/2024\/07\/IMG-20240712-WA0028-1024x683.jpg\" alt=\"\" class=\"wp-image-152473\" srcset=\"https:\/\/corrientesdetarde.com\/wp-content\/uploads\/2024\/07\/IMG-20240712-WA0028-1024x683.jpg 1024w, https:\/\/corrientesdetarde.com\/wp-content\/uploads\/2024\/07\/IMG-20240712-WA0028-300x200.jpg 300w, https:\/\/corrientesdetarde.com\/wp-content\/uploads\/2024\/07\/IMG-20240712-WA0028-768x512.jpg 768w, https:\/\/corrientesdetarde.com\/wp-content\/uploads\/2024\/07\/IMG-20240712-WA0028-1536x1024.jpg 1536w, https:\/\/corrientesdetarde.com\/wp-content\/uploads\/2024\/07\/IMG-20240712-WA0028.jpg 1599w\" sizes=\"auto, (max-width: 1024px) 100vw, 1024px\" \/><\/figure>\n\n\n\n<figure class=\"wp-block-gallery has-nested-images columns-default is-cropped wp-block-gallery-1 is-layout-flex wp-block-gallery-is-layout-flex\">\n<figure class=\"wp-block-image size-large\"><img loading=\"lazy\" decoding=\"async\" width=\"1024\" height=\"683\" data-id=\"152470\" src=\"https:\/\/corrientesdetarde.com\/wp-content\/uploads\/2024\/07\/IMG-20240712-WA0026-1024x683.jpg\" alt=\"\" class=\"wp-image-152470\" srcset=\"https:\/\/corrientesdetarde.com\/wp-content\/uploads\/2024\/07\/IMG-20240712-WA0026-1024x683.jpg 1024w, https:\/\/corrientesdetarde.com\/wp-content\/uploads\/2024\/07\/IMG-20240712-WA0026-300x200.jpg 300w, https:\/\/corrientesdetarde.com\/wp-content\/uploads\/2024\/07\/IMG-20240712-WA0026-768x512.jpg 768w, https:\/\/corrientesdetarde.com\/wp-content\/uploads\/2024\/07\/IMG-20240712-WA0026-1536x1024.jpg 1536w, https:\/\/corrientesdetarde.com\/wp-content\/uploads\/2024\/07\/IMG-20240712-WA0026.jpg 1599w\" sizes=\"auto, (max-width: 1024px) 100vw, 1024px\" \/><\/figure>\n\n\n\n<figure class=\"wp-block-image size-large\"><img loading=\"lazy\" decoding=\"async\" width=\"1024\" height=\"683\" data-id=\"152471\" src=\"https:\/\/corrientesdetarde.com\/wp-content\/uploads\/2024\/07\/IMG-20240712-WA0027-1024x683.jpg\" alt=\"\" class=\"wp-image-152471\" srcset=\"https:\/\/corrientesdetarde.com\/wp-content\/uploads\/2024\/07\/IMG-20240712-WA0027-1024x683.jpg 1024w, https:\/\/corrientesdetarde.com\/wp-content\/uploads\/2024\/07\/IMG-20240712-WA0027-300x200.jpg 300w, https:\/\/corrientesdetarde.com\/wp-content\/uploads\/2024\/07\/IMG-20240712-WA0027-768x512.jpg 768w, https:\/\/corrientesdetarde.com\/wp-content\/uploads\/2024\/07\/IMG-20240712-WA0027-1536x1024.jpg 1536w, https:\/\/corrientesdetarde.com\/wp-content\/uploads\/2024\/07\/IMG-20240712-WA0027.jpg 1599w\" sizes=\"auto, (max-width: 1024px) 100vw, 1024px\" \/><\/figure>\n<\/figure>\n","protected":false},"excerpt":{"rendered":"<p>El vicegobernador, Pedro Braillard Poccard, encabez\u00f3 el acto de la independencia de Francia en el Hall de la Legislatura provincial. Esta celebraci\u00f3n se enmarca en el \u201cPrograma Luminarias\u201d aprobado por&hellip; <\/p>\n","protected":false},"author":1,"featured_media":152471,"comment_status":"closed","ping_status":"open","sticky":false,"template":"","format":"standard","meta":{"footnotes":""},"categories":[22,17],"tags":[],"class_list":["post-152463","post","type-post","status-publish","format-standard","has-post-thumbnail","hentry","category-eventos","category-sociales"],"_links":{"self":[{"href":"https:\/\/corrientesdetarde.com\/index.php\/wp-json\/wp\/v2\/posts\/152463","targetHints":{"allow":["GET"]}}],"collection":[{"href":"https:\/\/corrientesdetarde.com\/index.php\/wp-json\/wp\/v2\/posts"}],"about":[{"href":"https:\/\/corrientesdetarde.com\/index.php\/wp-json\/wp\/v2\/types\/post"}],"author":[{"embeddable":true,"href":"https:\/\/corrientesdetarde.com\/index.php\/wp-json\/wp\/v2\/users\/1"}],"replies":[{"embeddable":true,"href":"https:\/\/corrientesdetarde.com\/index.php\/wp-json\/wp\/v2\/comments?post=152463"}],"version-history":[{"count":1,"href":"https:\/\/corrientesdetarde.com\/index.php\/wp-json\/wp\/v2\/posts\/152463\/revisions"}],"predecessor-version":[{"id":152474,"href":"https:\/\/corrientesdetarde.com\/index.php\/wp-json\/wp\/v2\/posts\/152463\/revisions\/152474"}],"wp:featuredmedia":[{"embeddable":true,"href":"https:\/\/corrientesdetarde.com\/index.php\/wp-json\/wp\/v2\/media\/152471"}],"wp:attachment":[{"href":"https:\/\/corrientesdetarde.com\/index.php\/wp-json\/wp\/v2\/media?parent=152463"}],"wp:term":[{"taxonomy":"category","embeddable":true,"href":"https:\/\/corrientesdetarde.com\/index.php\/wp-json\/wp\/v2\/categories?post=152463"},{"taxonomy":"post_tag","embeddable":true,"href":"https:\/\/corrientesdetarde.com\/index.php\/wp-json\/wp\/v2\/tags?post=152463"}],"curies":[{"name":"wp","href":"https:\/\/api.w.org\/{rel}","templated":true}]}}