{"id":152506,"date":"2024-07-13T08:00:17","date_gmt":"2024-07-13T11:00:17","guid":{"rendered":"https:\/\/corrientesdetarde.com\/?p=152506"},"modified":"2024-07-13T08:03:07","modified_gmt":"2024-07-13T11:03:07","slug":"la-municipalidad-participa-de-la-feriaprovincial-del-libro-con-multiples-propuestas","status":"publish","type":"post","link":"https:\/\/corrientesdetarde.com\/index.php\/eventos\/la-municipalidad-participa-de-la-feriaprovincial-del-libro-con-multiples-propuestas\/","title":{"rendered":"La Municipalidad participa de la Feria Provincial del Libro con m\u00faltiples propuestas"},"content":{"rendered":"\n<p><em>Desde ayer hasta el viernes 19 de julio, de 14 a 22, la Municipalidad de Corrientes forma parte del evento cultural que se lleva adelante en el Centro de Convenciones Corrientes, ubicado por la avenida Gregorio Pomar 802, con gran diversidad de actividades para chicos, adolescentes y adultos. Habr\u00e1 un espacio institucional con alternativas vinculadas a las acciones de gobierno, un truck tur\u00edstico y espacios para emprendedores y para amantes de la cultura k-pop y anim\u00e9.<\/em><br><\/p>\n\n\n\n<p>Desde este jueves 11 y hasta el viernes 19 de julio, la Municipalidad de la ciudad de Corrientes dice presente en la XIV edici\u00f3n de la Feria Provincial del Libro. Charlas, disertaciones, juegos para los m\u00e1s chicos, espect\u00e1culos de danza y m\u00fasica forman parte del abanico de propuestas para disfrutar durante estos d\u00edas en el predio ubicado en el Centro de Convenciones Corrientes, ubicado por la avenida Gregorio Pomar 802, de 14 a 22.<br>&nbsp;<br>Con una atractiva programaci\u00f3n, durante los nueve d\u00edas se ofrecer\u00e1n actividades organizadas por las diferentes secretar\u00edas comunales.<br>&nbsp;<br>De acuerdo al cronograma, en el stand institucional estar\u00e1n presentes con distintas acciones, programas que lleva adelante la Municipalidad como Mascotas Saludables, Reciclando Juntos, Ciudad de Dise\u00f1o, Corrientes Baila, Conociendo la Reserva Natural Santa Catalina, entre otros.<br>&nbsp;<br>Adem\u00e1s, en el escenario principal est\u00e1 previsto&nbsp;Teatro Mboyer\u00e9 con las presentaciones de las obras &#8216;Chamaclown en vuelo&#8217;, &#8216;Pedrito y su barrio&#8217;, &#8216;Clown + M\u00fasica&#8217; y &#8216;El complot&#8217;. Tambi\u00e9n se sumar\u00e1n las propuestas de \u201cCirco en tu barrio\u201d, comparsas humor\u00edsticas, agrupaciones musicales y comparsas de los Carnavales Barriales; al igual que clases abiertas para ni\u00f1os y j\u00f3venes, de Gurisitos Cabezudos: &#8216;Orquesta Infanto Juvenil&#8217;, entre muchas otras atracciones.<br>&nbsp;<br>A su vez, en el Auditorio 1 se presentar\u00e1 el Ciclo de Conferencias de la Ciudad: Historia y valores de Corrientes en su patrimonio arquitect\u00f3nico y urbano; el libro &#8216;Horizonte de sucesos&#8217; y habr\u00e1 un conversatorio &#8216;La ciudad que conocimos&#8217;.<br>&nbsp;<br>Asimismo, todos los d\u00edas estar\u00e1n presentes los emprendedores de Ciudad de Dise\u00f1o, K pop y Anim\u00e9, y el truck de promoci\u00f3n tur\u00edstica.<br>&nbsp;<br>CRONOGRAMA COMPLETO<br>&nbsp;<br>VIERNES 12 DE JULIO<br>&nbsp;<\/p>\n\n\n\n<ul class=\"wp-block-list\">\n<li>Stand municipal `Charla informativa sobre Econom\u00eda del Conocimiento&#8217; | De 14 a 17<\/li>\n\n\n\n<li>Cuentos para todos: narraciones y cuentos para toda la familia | Escenario principal. De 15 a 16<\/li>\n\n\n\n<li>Stand municipal: Entrega de Certificados &#8216;Argentech&#8217; y &#8216;Chicas Programadoras&#8217; | 16 a 16:30<\/li>\n\n\n\n<li>Corrientes Baila: intervenciones art\u00edsticas y clases abiertas | Escenario principal. De 17 a 18<\/li>\n\n\n\n<li>Stand municipal: Charla y folleter\u00eda sobre Arquitectura y Normativas | De 17 a 19.30<\/li>\n\n\n\n<li>Programa de Capacitaci\u00f3n art\u00edstica &#8216;Crear +&#8217;: Performance integral del Curso de Dise\u00f1o y Realizaci\u00f3n Escenogr\u00e1fica | Escenario principal. De 18 a 19<\/li>\n\n\n\n<li>Stand municipal &#8216;Atenci\u00f3n al Ciudadano&#8217; | 19.30 a 22<\/li>\n<\/ul>\n\n\n\n<p>&nbsp;<br>S\u00c1BADO 13 DE JULIO<br>&nbsp;<\/p>\n\n\n\n<ul class=\"wp-block-list\">\n<li>Carnaval Barrial: Clases abiertas de samba y percusi\u00f3n &#8211; Intervenciones art\u00edsticas de Comparsas humor\u00edsticas, Agrupaciones musicales y Comparsas | Escenario principal. De 14 a 21<\/li>\n\n\n\n<li>Stand municipal | Charla &#8216;Conociendo a mi ni\u00f1o&#8217; | De 14 a 17<\/li>\n\n\n\n<li>Ballet Contempor\u00e1neo Municipal &#8216;Reverdecer&#8217; | Escenario principal. Desde las 17<\/li>\n\n\n\n<li>Ciclo de Conferencias de la Ciudad: Historia y valores de Corrientes en su patrimonio arquitect\u00f3nico y urbano | Auditorio 1. Desde las 19<\/li>\n\n\n\n<li>Stand municipal: Charla \u00a0&#8216;V\u00ednculos y Medici\u00f3n Familiar&#8217; | De 19.30 a 22<\/li>\n<\/ul>\n\n\n\n<p>&nbsp;<br>DOMINGO 14 DE JULIO<br>&nbsp;<\/p>\n\n\n\n<ul class=\"wp-block-list\">\n<li>Taller de pintura de Casa del Bicentenario | Escenario principal. De 14 a 15<\/li>\n\n\n\n<li>Stand municipal: Seguridad Vial | De 14 a 17<\/li>\n\n\n\n<li>Presentaci\u00f3n del libro &#8216;Horizonte de sucesos&#8217; | Auditorio 1. Desde las 15<\/li>\n\n\n\n<li>Teatro Mboyer\u00e9: Obra: &#8216;Pedrito y su barrio&#8217; | Escenario principal. De 16 a 17<\/li>\n\n\n\n<li>Cuentos para todos: narraciones y cuentos para toda la familia | Escenario principal. De 17 a 18<\/li>\n\n\n\n<li>Stand municipal: Charla &#8216;Calidad Ambiental&#8217; | De 17 a 19.30<\/li>\n\n\n\n<li>Corrientes Baila: intervenciones art\u00edsticas y clases abiertas | Escenario principal. De 18 a 19<\/li>\n\n\n\n<li>Stand municipal: Charla de Cultura y Educaci\u00f3n | De 19.30 a 22<\/li>\n<\/ul>\n\n\n\n<p>&nbsp;<br>LUNES 15 DE JULIO<br>&nbsp;<\/p>\n\n\n\n<ul class=\"wp-block-list\">\n<li>Stand municipal | Presentaci\u00f3n y promoci\u00f3n de la Reserva Natural Santa Catalina. De 14 a 17<\/li>\n\n\n\n<li>Cuentos para todos: narraciones y cuentos para toda la familia | Escenario principal. De 16 a 17<\/li>\n\n\n\n<li>Ballet folkl\u00f3rico &#8216;El Payador Perseguido&#8217; | Escenario principal. Desde las 17<\/li>\n\n\n\n<li>Stand municipal: Presentaci\u00f3n de programas de capacitaci\u00f3n y empleo | De 17 a 19.30<\/li>\n\n\n\n<li>Conversatorio &#8216;La ciudad que conocimos&#8217; | Auditorio 1. Desde las 18.30 h<\/li>\n\n\n\n<li>Corrientes Baila: intervenciones art\u00edsticas y clases abiertas | Escenario principal. De 18 a 19<\/li>\n\n\n\n<li>Circuito Cultural Lazos: Banda de M\u00fasica en vivo | Escenario emergente. De 20 a 21<\/li>\n<\/ul>\n\n\n\n<p>&nbsp;<br>MARTES 16 DE JULIO<br>&nbsp;<\/p>\n\n\n\n<ul class=\"wp-block-list\">\n<li>Stand municipal: Charla sobre G\u00e9nero, Diversidad, Derechos Humanos y Pol\u00edticas Sociales | De 14 a 17<\/li>\n\n\n\n<li>Gurisitos Cabezudos: &#8216;Orquesta Infanto Juvenil&#8217;: Clases abiertas para ni\u00f1os y j\u00f3venes | Escenario principal. De 15 a 17<\/li>\n\n\n\n<li>Ensamble musical &#8216;Corrientes en Canciones&#8217; | Escenario principal. Desde las 17<\/li>\n\n\n\n<li>Cuentos para todos: narraciones y cuentos para toda la familia | Escenario principal. De 18 a 19<\/li>\n\n\n\n<li>Corrientes Baila: intervenciones art\u00edsticas y clases abiertas | Escenario principal. De 19 a 20<\/li>\n\n\n\n<li>Stand municipal &#8216;Mascotas Saludables&#8217; | De 19.30 a 22<\/li>\n<\/ul>\n\n\n\n<p>&nbsp;<br>MI\u00c9RCOLES 17 DE JULIO<br>&nbsp;<\/p>\n\n\n\n<ul class=\"wp-block-list\">\n<li>Stand municipal: Lectura inclusiva | De 14 a 17<\/li>\n\n\n\n<li>Stand municipal: `Promoci\u00f3n de Derechos\u00b4- Secretar\u00eda de Desarrollo Humano | De 17 a 19.30<\/li>\n\n\n\n<li>Cuentos para todos: narraciones y cuentos para toda la familia | Escenario principal. De 18 a 19<\/li>\n\n\n\n<li>Corrientes Baila: intervenciones art\u00edsticas y clases abiertas | Escenario principal. De 19 a 20<\/li>\n\n\n\n<li>Stand municipal: Conversatorio: &#8216;Chamam\u00e9. Consagrados y Emergentes&#8217;| De 19.30 a 22<\/li>\n\n\n\n<li>El HuMORs es Cultura | Escenario principal. De 20 a 21<\/li>\n<\/ul>\n\n\n\n<p>&nbsp;<br>JUEVES 18 DE JULIO<br>&nbsp;<\/p>\n\n\n\n<ul class=\"wp-block-list\">\n<li>Stand municipal: Charla de Seguridad Vial | De 14 a 17<\/li>\n\n\n\n<li>Gurisitos Cabezudos: &#8216;Orquesta Infanto Juvenil&#8217;: Clases abiertas para ni\u00f1os y j\u00f3venes | Escenario principal. De 15 a 17<\/li>\n\n\n\n<li>Stand municipal: Presentaci\u00f3n Comunidad Gamer y Muni Joven | De 17 a 19.30<\/li>\n\n\n\n<li>Circo en tu barrio | Escenario principal. De 18 a 20<\/li>\n\n\n\n<li>Stand municipal: Charla para PyMes | De 19.30 a 22<\/li>\n<\/ul>\n\n\n\n<p>&nbsp;<br>VIERNES 19 DE JULIO<br>&nbsp;<\/p>\n\n\n\n<ul class=\"wp-block-list\">\n<li>Corrientes Baila: intervenciones art\u00edsticas y clases abiertas | Escenario principal. De 17 a 18<\/li>\n\n\n\n<li>Stand municipal: Promoci\u00f3n y prevenci\u00f3n en la Salud | De 17 a 19.30<\/li>\n\n\n\n<li>Teatro Mboyer\u00e9: Obra: &#8216;Clown + M\u00fasica&#8217; | Escenario principal. De 18 a 19<\/li>\n\n\n\n<li>Teatro Mboyer\u00e9: Obra: &#8216;El complot&#8217; | De 19 a 20<\/li>\n\n\n\n<li>Crew Corrientes: Show de rap y hip-hop | Escenario principal. De 20 a 21<\/li>\n\n\n\n<li>Stand municipal Presentaci\u00f3n programa de &#8216;Arbolado Urbano&#8217; | De 19.30 a 22<\/li>\n<\/ul>\n","protected":false},"excerpt":{"rendered":"<p>Desde ayer hasta el viernes 19 de julio, de 14 a 22, la Municipalidad de Corrientes forma parte del evento cultural que se lleva adelante en el Centro de Convenciones&hellip; <\/p>\n","protected":false},"author":3,"featured_media":152512,"comment_status":"closed","ping_status":"open","sticky":false,"template":"","format":"standard","meta":{"footnotes":""},"categories":[22],"tags":[],"class_list":["post-152506","post","type-post","status-publish","format-standard","has-post-thumbnail","hentry","category-eventos"],"_links":{"self":[{"href":"https:\/\/corrientesdetarde.com\/index.php\/wp-json\/wp\/v2\/posts\/152506","targetHints":{"allow":["GET"]}}],"collection":[{"href":"https:\/\/corrientesdetarde.com\/index.php\/wp-json\/wp\/v2\/posts"}],"about":[{"href":"https:\/\/corrientesdetarde.com\/index.php\/wp-json\/wp\/v2\/types\/post"}],"author":[{"embeddable":true,"href":"https:\/\/corrientesdetarde.com\/index.php\/wp-json\/wp\/v2\/users\/3"}],"replies":[{"embeddable":true,"href":"https:\/\/corrientesdetarde.com\/index.php\/wp-json\/wp\/v2\/comments?post=152506"}],"version-history":[{"count":2,"href":"https:\/\/corrientesdetarde.com\/index.php\/wp-json\/wp\/v2\/posts\/152506\/revisions"}],"predecessor-version":[{"id":152526,"href":"https:\/\/corrientesdetarde.com\/index.php\/wp-json\/wp\/v2\/posts\/152506\/revisions\/152526"}],"wp:featuredmedia":[{"embeddable":true,"href":"https:\/\/corrientesdetarde.com\/index.php\/wp-json\/wp\/v2\/media\/152512"}],"wp:attachment":[{"href":"https:\/\/corrientesdetarde.com\/index.php\/wp-json\/wp\/v2\/media?parent=152506"}],"wp:term":[{"taxonomy":"category","embeddable":true,"href":"https:\/\/corrientesdetarde.com\/index.php\/wp-json\/wp\/v2\/categories?post=152506"},{"taxonomy":"post_tag","embeddable":true,"href":"https:\/\/corrientesdetarde.com\/index.php\/wp-json\/wp\/v2\/tags?post=152506"}],"curies":[{"name":"wp","href":"https:\/\/api.w.org\/{rel}","templated":true}]}}