{"id":152511,"date":"2024-07-13T08:00:15","date_gmt":"2024-07-13T11:00:15","guid":{"rendered":"https:\/\/corrientesdetarde.com\/?p=152511"},"modified":"2024-07-13T08:00:19","modified_gmt":"2024-07-13T11:00:19","slug":"el-vidal-cuenta-con-un-mamografo-que-detecta-carcinomas-de-menos-de-un-centimetro","status":"publish","type":"post","link":"https:\/\/corrientesdetarde.com\/index.php\/bienestar-y-salud\/el-vidal-cuenta-con-un-mamografo-que-detecta-carcinomas-de-menos-de-un-centimetro\/","title":{"rendered":"El Vidal cuenta con un mam\u00f3grafo que detecta carcinomas de menos de un cent\u00edmetro"},"content":{"rendered":"\n<p>La nueva adquisici\u00f3n de \u00faltima generaci\u00f3n, permite el diagn\u00f3stico precoz y hasta un 95% de cura total de la paciente. Adem\u00e1s, quien est\u00e1 a cargo del servicio, advirti\u00f3 sobre investigaciones que anuncian nuevas formas de prevenci\u00f3n y a las que se deben estar atentos. En este marco, el ministro Cardozo destac\u00f3 la importancia de \u201ccontar con tecnolog\u00eda de vanguardia en un hospital p\u00fablico\u201d, como as\u00ed tambi\u00e9n el aporte que representa para la Red de C\u00e1ncer de Mama en la detecci\u00f3n temprana.<\/p>\n\n\n\n<p>El Hospital J. R. Vidal adquiri\u00f3 un equipo digital que permite la detecci\u00f3n de carcinomas de menos de un cent\u00edmetro lo que, a su vez, podr\u00e1 lograr el tratamiento oportuno del paciente, en tiempo y forma, y as\u00ed salvar vidas. El ministro de Salud P\u00fablica, Ricardo Cardozo, visit\u00f3 el nosocomio cuyo Servicio de Mamograf\u00eda es referente dentro de la Red de C\u00e1ncer de Mama.<\/p>\n\n\n\n<p>\u201cEs un equipamiento de \u00faltima generaci\u00f3n que viene a cubrir una gran necesidad en el Hospital Vidal que es referente en nuestra Red de C\u00e1ncer de Mama. Contamos con gente capacitada y con mucha motivaci\u00f3n. Esto va a favorecer la calidad del diagn\u00f3stico de aquellas pacientes que se realizan estudios\u201d, dijo el ministro&nbsp;tras recorrer la Unidad de mamograf\u00eda.<\/p>\n\n\n\n<p>Este equipo, que ser\u00e1 inaugurado pr\u00f3ximamente por el gobernador Gustavo Vald\u00e9s, se adquiri\u00f3 en el marco del proceso de modernizaci\u00f3n que se da en los hospitales de la provincia.<\/p>\n\n\n\n<p>Durante la recorrida, acompa\u00f1aron directivos de la instituci\u00f3n y la subsecretaria de Atenci\u00f3n Primaria de la Salud, Alicia Pereira.&nbsp;<\/p>\n\n\n\n<p>Agreg\u00f3 que \u201cen este momento en el marco de la implementaci\u00f3n del programa Salud en tu Casa, tenemos alrededor de 500 agentes sanitarios y promotores recorriendo la provincia, tratando de encontrar a estas mujeres, que son susceptibles de tener este c\u00e1ncer, para que puedan realizarse los estudios correspondientes y tener su diagn\u00f3stico precoz\u201d.<\/p>\n\n\n\n<p><strong>Importancia del equipo<\/strong><\/p>\n\n\n\n<p>Por su parte,&nbsp;Sara Perrault, jefa de la Unidad de Mamograf\u00eda del Hospital Vidal, expres\u00f3 que \u201ces una adquisici\u00f3n muy importante, estamos creciendo en tecnolog\u00eda, porque este equipo tiene una imagen muy buena en calidad para detectar carcinoma de menos de un cent\u00edmetro o de un cent\u00edmetro; esto, significar\u00eda la cura de la paciente en un 95%. Adem\u00e1s, nos ahorrar\u00edamos en terapias, quimioterapias, radioterapias y, por supuesto, que lo m\u00e1s importante: salvar la vida del paciente\u201d.<\/p>\n\n\n\n<p>La jefa de la Unidad, remarc\u00f3 que \u201cun paciente, en quien se detecta un carcinoma de un cent\u00edmetro o menos, tiene una alta probabilidad de no morirse por ese c\u00e1ncer. El equipo trae la detecci\u00f3n precoz del carcinoma mamario y la posibilidad de una cura del 95% en forma total\u201d.<\/p>\n\n\n\n<p>A la vez, coment\u00f3 que, en \u00e9sta \u00e1rea hospitalaria, realizan un promedio de 15 mamograf\u00edas por d\u00eda. Este n\u00famero var\u00eda seg\u00fan la \u00e9poca del a\u00f1o.<\/p>\n\n\n\n<p>\u201cEl servicio trabaja en red con toda la provincia. Nosotros somos la cabeza, el primer eslab\u00f3n. Hacemos el diagn\u00f3stico y si tiene un carcinoma la derivamos a mast\u00f3logos u onc\u00f3logos para continuar con el tratamiento de la paciente y no perderla de vista. S\u00ed no la derivamos, puede volver dentro de un a\u00f1o con un carcinoma dos o tres veces m\u00e1s grande\u201d, advirti\u00f3.<\/p>\n\n\n\n<p>Tambi\u00e9n, record\u00f3 que \u201chay que hacerse un control anual a partir de los 40 a\u00f1os\u201d y coment\u00f3 que \u201cla Sociedad de Radiolog\u00eda Americana, pregona realizarse una mamograf\u00eda a los 35 a\u00f1os, que ese estudio lo guarde la paciente en un lugar seco, y que a los 40 a\u00f1os se haga la mamograf\u00eda; el radi\u00f3logo, debe comparar esos estudios\u201d.<\/p>\n\n\n\n<p>En caso de contar con antecedentes familiares de c\u00e1ncer de mama, \u201ctienen que comenzar con la mamograf\u00eda diez a\u00f1os antes de la edad cu\u00e1ndo detectaron a ese familiar\u201d. Por ejemplo, \u201cs\u00ed a su mam\u00e1 les detectaron a los 40 a\u00f1os, la hija debe hacerse la mamograf\u00eda cuando ella tenga 30 a\u00f1os\u201d.<\/p>\n\n\n\n<p>Cabe destacar que el Servicio de Mamograf\u00eda del Hospital Vidal es referente dentro de lo que es la Red de C\u00e1ncer de Mama, el trabajo que aqu\u00ed realizan es clave para la detecci\u00f3n y tratamiento de esta patolog\u00eda.<\/p>\n","protected":false},"excerpt":{"rendered":"<p>La nueva adquisici\u00f3n de \u00faltima generaci\u00f3n, permite el diagn\u00f3stico precoz y hasta un 95% de cura total de la paciente. Adem\u00e1s, quien est\u00e1 a cargo del servicio, advirti\u00f3 sobre investigaciones&hellip; <\/p>\n","protected":false},"author":3,"featured_media":152513,"comment_status":"closed","ping_status":"open","sticky":false,"template":"","format":"standard","meta":{"footnotes":""},"categories":[16],"tags":[],"class_list":["post-152511","post","type-post","status-publish","format-standard","has-post-thumbnail","hentry","category-bienestar-y-salud"],"_links":{"self":[{"href":"https:\/\/corrientesdetarde.com\/index.php\/wp-json\/wp\/v2\/posts\/152511","targetHints":{"allow":["GET"]}}],"collection":[{"href":"https:\/\/corrientesdetarde.com\/index.php\/wp-json\/wp\/v2\/posts"}],"about":[{"href":"https:\/\/corrientesdetarde.com\/index.php\/wp-json\/wp\/v2\/types\/post"}],"author":[{"embeddable":true,"href":"https:\/\/corrientesdetarde.com\/index.php\/wp-json\/wp\/v2\/users\/3"}],"replies":[{"embeddable":true,"href":"https:\/\/corrientesdetarde.com\/index.php\/wp-json\/wp\/v2\/comments?post=152511"}],"version-history":[{"count":1,"href":"https:\/\/corrientesdetarde.com\/index.php\/wp-json\/wp\/v2\/posts\/152511\/revisions"}],"predecessor-version":[{"id":152521,"href":"https:\/\/corrientesdetarde.com\/index.php\/wp-json\/wp\/v2\/posts\/152511\/revisions\/152521"}],"wp:featuredmedia":[{"embeddable":true,"href":"https:\/\/corrientesdetarde.com\/index.php\/wp-json\/wp\/v2\/media\/152513"}],"wp:attachment":[{"href":"https:\/\/corrientesdetarde.com\/index.php\/wp-json\/wp\/v2\/media?parent=152511"}],"wp:term":[{"taxonomy":"category","embeddable":true,"href":"https:\/\/corrientesdetarde.com\/index.php\/wp-json\/wp\/v2\/categories?post=152511"},{"taxonomy":"post_tag","embeddable":true,"href":"https:\/\/corrientesdetarde.com\/index.php\/wp-json\/wp\/v2\/tags?post=152511"}],"curies":[{"name":"wp","href":"https:\/\/api.w.org\/{rel}","templated":true}]}}