{"id":152531,"date":"2024-07-13T09:00:19","date_gmt":"2024-07-13T12:00:19","guid":{"rendered":"https:\/\/corrientesdetarde.com\/?p=152531"},"modified":"2024-07-13T09:00:20","modified_gmt":"2024-07-13T12:00:20","slug":"el-nordeste-otra-vez-tuvo-los-indicadores-mas-bajos-de-inflacion","status":"publish","type":"post","link":"https:\/\/corrientesdetarde.com\/index.php\/economia\/el-nordeste-otra-vez-tuvo-los-indicadores-mas-bajos-de-inflacion\/","title":{"rendered":"El Nordeste otra vez tuvo los indicadores m\u00e1s bajos de inflaci\u00f3n"},"content":{"rendered":"\n<p>En junio, el \u00cdndice de Precios al Consumidor (IPC) de esta regi\u00f3n lleg\u00f3 al 4,4% y marc\u00f3 un &#8220;rebote&#8221; del 0,7% si se lo compara con mayo (3,7%). El \u00edtem que aqu\u00ed movi\u00f3 la aguja del costo de vida fue &#8220;Vivienda, agua, electricidad, gas y otros combustibles&#8221; con el 19,4%.<\/p>\n\n\n\n<p>El Instituto Nacional de Estad\u00edstica y Censos (INDEC) public\u00f3 ayer los n\u00fameros oficiales de la inflaci\u00f3n del mes de junio. Tal como ocurri\u00f3 en mayo, el Nordeste, con el 4,4% volvi\u00f3 a tener las cifras m\u00e1s bajas del \u00cdndice de Precios al Consumidor (IPC) entre las regiones del pa\u00eds. No obstante, hay que indicar que hubo un peque\u00f1o &#8220;rebote&#8221; inflacionario (del 0,7%), teniendo en cuenta que en la medici\u00f3n anterior el NEA tuvo un registro del 3,7%.<\/p>\n\n\n\n<p>La divisi\u00f3n con mayor variaci\u00f3n fue Vivienda, agua, electricidad, gas y otros combustibles con el 19,4%, seguido por Educaci\u00f3n 5,9%, Comunicaci\u00f3n 5%, Transporte 4,7% y Restaurantes y hoteles con el 4,3%.<\/p>\n\n\n\n<p>En el primer semestre, el acumulado de la inflaci\u00f3n alcanz\u00f3 la cifra de 68,3%, apuntalado por Comunicaci\u00f3n 133,8%, Educaci\u00f3n 123,7%, Vivienda, agua, electricidad, gas y otros combustibles 119,8%, Bienes y Servicios 93,5%, Transporte 93,2%, Bebidas alcoh\u00f3licas y tabaco 73%.<\/p>\n\n\n\n<p>Por \u00faltimo, en la tercera medici\u00f3n, el cotejo interanual del encarecimiento del costo de vida reflej\u00f3 que en los \u00faltimos 12 meses la inflaci\u00f3n fue del 258,7%.<\/p>\n\n\n\n<p>En este corte estad\u00edstico, los principales \u00edtems que dinamizaron la inflaci\u00f3n fueron: Comunicaci\u00f3n 363,9%, Bienes y servicios 329,4%, Transporte 313,1%, Salud 287,1% y Recreaci\u00f3n y Cultura 271%.<\/p>\n\n\n\n<h2 class=\"wp-block-heading\">Federal<\/h2>\n\n\n\n<p>En el pa\u00eds, la inflaci\u00f3n subi\u00f3 en junio respecto de mayo, pero menos de lo esperado, al arrojar un 4,6% y acumular 271,5% en los \u00faltimos doce meses.<\/p>\n\n\n\n<p>En el primer semestre del a\u00f1o la suba de precios fue del 79,8%, inform\u00f3 el INDEC.<\/p>\n\n\n\n<p>Como hab\u00eda anticipado el Gobierno, la suba de precios qued\u00f3 por debajo del 5% y levemente por encima de mayo, cuando subi\u00f3 4,2%.<\/p>\n\n\n\n<p>La divisi\u00f3n de mayor aumento en el mes fue Vivienda, agua, electricidad, gas y otros combustibles (14,3%), por las subas en las tarifas de electricidad y gas y en alquiler de la vivienda.<\/p>\n\n\n\n<p>Le siguieron Restaurantes y hoteles (6,3%) y Educaci\u00f3n (5,7%) por subas en todos los niveles de ense\u00f1anza.La divisi\u00f3n con mayor incidencia fue Vivienda, agua, electricidad, gas y otros combustibles (14,3%), en las regiones GBA, Noreste, Noroeste y Cuyo, mientras que en Pampeana y Patagonia fue Alimentos y bebidas no alcoh\u00f3licas (3,0%), donde se destacaron los aumentos de Verduras, tub\u00e9rculos y legumbres, Pan y cereales y Leche, productos l\u00e1cteos y huevos.<\/p>\n\n\n\n<p>Las dos divisiones que registraron las menores variaciones en junio fueron Bebidas alcoh\u00f3licas y tabaco (2,1%) y Equipamiento y mantenimiento del hogar (2,3%).A nivel de las categor\u00edas, Regulados (8,1%) lider\u00f3 el incremento, seguida por Estacionales (4,4%) y el IPC N\u00facleo (3,7%).<\/p>\n\n\n\n<h2 class=\"wp-block-heading\">El d\u00f3lar blue dio otro zarpazo y qued\u00f3 en $1.500<\/h2>\n\n\n\n<figure class=\"wp-block-image\"><img decoding=\"async\" src=\"https:\/\/www.diarioepoca.com\/content\/bucket\/4\/1373244w380h324c.jpg.webp\" alt=\"\"\/><\/figure>\n\n\n\n<p>El d\u00f3lar blue ayer peg\u00f3 otro zarpazo y alcanz\u00f3 el r\u00e9cord nominal de $1.500. La cotizaci\u00f3n paralela avanz\u00f3 $80 en la semana y en lo que va de julio registra una suba de $130 o 9,5%. La brecha cambiaria con el d\u00f3lar mayorista supera el 60% por primera vez desde diciembre, en los 62,8 por ciento. Por el lado de los financieros, tambi\u00e9n se movieron al alza, pero con menos dinamismo producto de los m\u00faltiples controles que tienen. El d\u00f3lar MEP avanz\u00f3 21 pesos o 1,52% hasta los $1.424,73 y cierra otra semana con alzas. En tanto, el Contado con liqui se encareci\u00f3 en 22 pesos o 1,54% hasta los $1.436,22.<\/p>\n\n\n\n<p>Por su parte, el Banco Central no se mueve de su objetivo de crawling peg de 2% mensual y ajust\u00f3 la cotizaci\u00f3n mayorista a $921,50. El crawling peg, conocido en espa\u00f1ol como &#8220;anclaje m\u00f3vil&#8221;, permite al banco central administrar de manera ordenada la tasa de cambio de una divisa en relaci\u00f3n con otras. El valor del billete en el Banco Naci\u00f3n es de $940 y en el promedio de los bancos es de $959,99.<\/p>\n\n\n\n<p><\/p>\n","protected":false},"excerpt":{"rendered":"<p>En junio, el \u00cdndice de Precios al Consumidor (IPC) de esta regi\u00f3n lleg\u00f3 al 4,4% y marc\u00f3 un &#8220;rebote&#8221; del 0,7% si se lo compara con mayo (3,7%). El \u00edtem&hellip; <\/p>\n","protected":false},"author":3,"featured_media":152532,"comment_status":"closed","ping_status":"open","sticky":false,"template":"","format":"standard","meta":{"footnotes":""},"categories":[20],"tags":[],"class_list":["post-152531","post","type-post","status-publish","format-standard","has-post-thumbnail","hentry","category-economia"],"_links":{"self":[{"href":"https:\/\/corrientesdetarde.com\/index.php\/wp-json\/wp\/v2\/posts\/152531","targetHints":{"allow":["GET"]}}],"collection":[{"href":"https:\/\/corrientesdetarde.com\/index.php\/wp-json\/wp\/v2\/posts"}],"about":[{"href":"https:\/\/corrientesdetarde.com\/index.php\/wp-json\/wp\/v2\/types\/post"}],"author":[{"embeddable":true,"href":"https:\/\/corrientesdetarde.com\/index.php\/wp-json\/wp\/v2\/users\/3"}],"replies":[{"embeddable":true,"href":"https:\/\/corrientesdetarde.com\/index.php\/wp-json\/wp\/v2\/comments?post=152531"}],"version-history":[{"count":1,"href":"https:\/\/corrientesdetarde.com\/index.php\/wp-json\/wp\/v2\/posts\/152531\/revisions"}],"predecessor-version":[{"id":152549,"href":"https:\/\/corrientesdetarde.com\/index.php\/wp-json\/wp\/v2\/posts\/152531\/revisions\/152549"}],"wp:featuredmedia":[{"embeddable":true,"href":"https:\/\/corrientesdetarde.com\/index.php\/wp-json\/wp\/v2\/media\/152532"}],"wp:attachment":[{"href":"https:\/\/corrientesdetarde.com\/index.php\/wp-json\/wp\/v2\/media?parent=152531"}],"wp:term":[{"taxonomy":"category","embeddable":true,"href":"https:\/\/corrientesdetarde.com\/index.php\/wp-json\/wp\/v2\/categories?post=152531"},{"taxonomy":"post_tag","embeddable":true,"href":"https:\/\/corrientesdetarde.com\/index.php\/wp-json\/wp\/v2\/tags?post=152531"}],"curies":[{"name":"wp","href":"https:\/\/api.w.org\/{rel}","templated":true}]}}