{"id":15256,"date":"2022-10-28T10:58:09","date_gmt":"2022-10-28T13:58:09","guid":{"rendered":"https:\/\/corrientesdetarde.com\/?p=15256"},"modified":"2022-10-28T10:58:12","modified_gmt":"2022-10-28T13:58:12","slug":"esperaba-el-colectivo-sintio-un-dolor-en-el-pecho-y-era-una-bala-perdida","status":"publish","type":"post","link":"https:\/\/corrientesdetarde.com\/index.php\/crimen-y-justicia\/esperaba-el-colectivo-sintio-un-dolor-en-el-pecho-y-era-una-bala-perdida\/","title":{"rendered":"Esperaba el colectivo, sinti\u00f3 un dolor en el pecho y era una bala perdida"},"content":{"rendered":"\n<p>En un hecho ins\u00f3lito y a la vez fortuito, una joven de 28 a\u00f1os fue alcanzada por una bala perdida en la terminal de micros de La Plata y las fuerzas de seguridad investigan si fue disparada durante una violenta refriega entre dos facciones de la Uni\u00f3n Obrera de la Construcci\u00f3n de la Rep\u00fablica Argentina (UOCRA).<\/p>\n\n\n\n<p>&#8220;Sal\u00eda de cursar como todos los d\u00edas a eso de las 2 de la tarde y fui a la parada del colectivo, del 129. Estaba ah\u00ed, hablando con un paciente, cuando de la nada sent\u00ed un golpe en el pecho y pens\u00e9 que era una piedra. Cuando me toco la campera se cae el cosito al piso, lo levanto y lo llev\u00e9 a una cabina&#8221;, cont\u00f3 Katherina en di\u00e1logo con TN<\/p>\n\n\n\n<p>Cabe destacar que el rebote del proyectil enlenteci\u00f3 su trayectoria y termin\u00f3 por salvarle la vida a la estudiante de Odontolog\u00eda. No obstante, se llev\u00f3 un gran susto al percatarse que no se hab\u00eda tratado de una roca.<\/p>\n\n\n\n<p>&#8220;En ese momento buscaba a un polic\u00eda porque estaba perseguida y me sent\u00eda asustada&#8221;, confes\u00f3. La futura odont\u00f3loga fue trasladada hasta la salita m\u00e9dica de la estaci\u00f3n de colectivos, donde un enfermer\u00f3 le tom\u00f3 la presi\u00f3n y cheque\u00f3 sus signos vitales.<\/p>\n\n\n\n<p>Acerca de las hip\u00f3tesis que barajan los investigadores, no se descarta que la bala de 9 mil\u00edmetros haya provenido de una brutal pelea a los tiros protagonizada por el nieto del Pata Villanueva que tuvo lugar a dos kil\u00f3metros de la terminal en una parrilla.<\/p>\n\n\n\n<p>&#8220;A m\u00ed lo que me dijeron es que a casi 20 cuadras hubo un enfrentamiento y de ah\u00ed escap\u00f3 una bala, que rebot\u00f3 y despu\u00e9s me impact\u00f3. Como antes hab\u00eda rebotado en algo, la fuerza fue menor y no pas\u00f3 a mayores. Ahora estoy con un moret\u00f3n nada m\u00e1s&#8221;, cerr\u00f3 Katherina.<\/p>\n","protected":false},"excerpt":{"rendered":"<p>En un hecho ins\u00f3lito y a la vez fortuito, una joven de 28 a\u00f1os fue alcanzada por una bala perdida en la terminal de micros de La Plata y las&hellip; <\/p>\n","protected":false},"author":4,"featured_media":15257,"comment_status":"closed","ping_status":"open","sticky":false,"template":"","format":"standard","meta":{"footnotes":""},"categories":[5],"tags":[],"class_list":["post-15256","post","type-post","status-publish","format-standard","has-post-thumbnail","hentry","category-crimen-y-justicia"],"_links":{"self":[{"href":"https:\/\/corrientesdetarde.com\/index.php\/wp-json\/wp\/v2\/posts\/15256","targetHints":{"allow":["GET"]}}],"collection":[{"href":"https:\/\/corrientesdetarde.com\/index.php\/wp-json\/wp\/v2\/posts"}],"about":[{"href":"https:\/\/corrientesdetarde.com\/index.php\/wp-json\/wp\/v2\/types\/post"}],"author":[{"embeddable":true,"href":"https:\/\/corrientesdetarde.com\/index.php\/wp-json\/wp\/v2\/users\/4"}],"replies":[{"embeddable":true,"href":"https:\/\/corrientesdetarde.com\/index.php\/wp-json\/wp\/v2\/comments?post=15256"}],"version-history":[{"count":1,"href":"https:\/\/corrientesdetarde.com\/index.php\/wp-json\/wp\/v2\/posts\/15256\/revisions"}],"predecessor-version":[{"id":15258,"href":"https:\/\/corrientesdetarde.com\/index.php\/wp-json\/wp\/v2\/posts\/15256\/revisions\/15258"}],"wp:featuredmedia":[{"embeddable":true,"href":"https:\/\/corrientesdetarde.com\/index.php\/wp-json\/wp\/v2\/media\/15257"}],"wp:attachment":[{"href":"https:\/\/corrientesdetarde.com\/index.php\/wp-json\/wp\/v2\/media?parent=15256"}],"wp:term":[{"taxonomy":"category","embeddable":true,"href":"https:\/\/corrientesdetarde.com\/index.php\/wp-json\/wp\/v2\/categories?post=15256"},{"taxonomy":"post_tag","embeddable":true,"href":"https:\/\/corrientesdetarde.com\/index.php\/wp-json\/wp\/v2\/tags?post=15256"}],"curies":[{"name":"wp","href":"https:\/\/api.w.org\/{rel}","templated":true}]}}