{"id":152699,"date":"2024-07-14T15:47:49","date_gmt":"2024-07-14T18:47:49","guid":{"rendered":"https:\/\/corrientesdetarde.com\/?p=152699"},"modified":"2024-07-14T15:48:00","modified_gmt":"2024-07-14T18:48:00","slug":"santo-tome-cinco-personas-fallecidas-en-siniestro-vial","status":"publish","type":"post","link":"https:\/\/corrientesdetarde.com\/index.php\/locales\/santo-tome-cinco-personas-fallecidas-en-siniestro-vial\/","title":{"rendered":"Santo Tom\u00e9: cinco personas fallecidas en siniestro vial"},"content":{"rendered":"\n<p>En un tr\u00e1gico suceso ocurrido hoy al mediod\u00eda sobre la ruta nacional 14, espec\u00edficamente en el kil\u00f3metro 645 entre Santo Tom\u00e9 y Los Cuay, dos veh\u00edculos colisionaron por motivos a\u00fan bajo investigaci\u00f3n, resultando en la p\u00e9rdida de cinco vidas humanas.<\/p>\n\n\n\n<p>Entre las v\u00edctimas se encuentran dos adultos y tres menores de edad, informaron fuentes policiales que se encuentran en el lugar del accidente. Hasta el momento, las autoridades no han especificado las circunstancias exactas que llevaron al fatal incidente.<\/p>\n\n\n\n<p>Como consecuencia del choque, la ruta nacional 14 ha sido completamente cerrada al tr\u00e1nsito mientras se llevan a cabo las labores de rescate y peritaje por parte de las autoridades competentes.<\/p>\n\n\n\n<p>Este lamentable acontecimiento ha generado conmoci\u00f3n en la comunidad de Santo Tom\u00e9 y sus alrededores, extendi\u00e9ndose la tristeza por la p\u00e9rdida de vidas en circunstancias tan dolorosas.<\/p>\n","protected":false},"excerpt":{"rendered":"<p>En un tr\u00e1gico suceso ocurrido hoy al mediod\u00eda sobre la ruta nacional 14, espec\u00edficamente en el kil\u00f3metro 645 entre Santo Tom\u00e9 y Los Cuay, dos veh\u00edculos colisionaron por motivos a\u00fan&hellip; <\/p>\n","protected":false},"author":1,"featured_media":152701,"comment_status":"closed","ping_status":"open","sticky":false,"template":"","format":"standard","meta":{"footnotes":""},"categories":[8],"tags":[],"class_list":["post-152699","post","type-post","status-publish","format-standard","has-post-thumbnail","hentry","category-locales"],"_links":{"self":[{"href":"https:\/\/corrientesdetarde.com\/index.php\/wp-json\/wp\/v2\/posts\/152699","targetHints":{"allow":["GET"]}}],"collection":[{"href":"https:\/\/corrientesdetarde.com\/index.php\/wp-json\/wp\/v2\/posts"}],"about":[{"href":"https:\/\/corrientesdetarde.com\/index.php\/wp-json\/wp\/v2\/types\/post"}],"author":[{"embeddable":true,"href":"https:\/\/corrientesdetarde.com\/index.php\/wp-json\/wp\/v2\/users\/1"}],"replies":[{"embeddable":true,"href":"https:\/\/corrientesdetarde.com\/index.php\/wp-json\/wp\/v2\/comments?post=152699"}],"version-history":[{"count":1,"href":"https:\/\/corrientesdetarde.com\/index.php\/wp-json\/wp\/v2\/posts\/152699\/revisions"}],"predecessor-version":[{"id":152702,"href":"https:\/\/corrientesdetarde.com\/index.php\/wp-json\/wp\/v2\/posts\/152699\/revisions\/152702"}],"wp:featuredmedia":[{"embeddable":true,"href":"https:\/\/corrientesdetarde.com\/index.php\/wp-json\/wp\/v2\/media\/152701"}],"wp:attachment":[{"href":"https:\/\/corrientesdetarde.com\/index.php\/wp-json\/wp\/v2\/media?parent=152699"}],"wp:term":[{"taxonomy":"category","embeddable":true,"href":"https:\/\/corrientesdetarde.com\/index.php\/wp-json\/wp\/v2\/categories?post=152699"},{"taxonomy":"post_tag","embeddable":true,"href":"https:\/\/corrientesdetarde.com\/index.php\/wp-json\/wp\/v2\/tags?post=152699"}],"curies":[{"name":"wp","href":"https:\/\/api.w.org\/{rel}","templated":true}]}}