{"id":152724,"date":"2024-07-14T19:17:28","date_gmt":"2024-07-14T22:17:28","guid":{"rendered":"https:\/\/corrientesdetarde.com\/?p=152724"},"modified":"2024-07-14T19:17:33","modified_gmt":"2024-07-14T22:17:33","slug":"maria-eugenia-vidal-cuestiono-una-eventual-fusion-entre-el-pro-y-lla","status":"publish","type":"post","link":"https:\/\/corrientesdetarde.com\/index.php\/politica\/maria-eugenia-vidal-cuestiono-una-eventual-fusion-entre-el-pro-y-lla\/","title":{"rendered":"Mar\u00eda Eugenia Vidal cuestion\u00f3 una eventual fusi\u00f3n entre el PRO y LLA."},"content":{"rendered":"\n<h2 class=\"wp-block-heading\">La diputada del partido amarillo asegur\u00f3 que se siente \u201cc\u00f3moda acompa\u00f1ando al Gobierno en lo que est\u00e1 bien\u201d, pero remarc\u00f3 que considera \u201cimportante mantenerse\u201d como oposici\u00f3n.<\/h2>\n\n\n\n<p>La diputada del PRO\u00a0<strong>Mar\u00eda Eugenia Vidal\u00a0<\/strong>reactiv\u00f3 el debate por la posible alianza con La Libertad Avanza, de cara a las elecciones del a\u00f1o pr\u00f3ximo, y opin\u00f3 en contra de una fusi\u00f3n de ambos partidos, como reclaman algunos sectores, al remarcar que, si se avanza por esa v\u00eda, \u201cdespu\u00e9s est\u00e1s obligado a apoyar todo, incluso aquello que no crees que est\u00e9 bien\u201d.<\/p>\n\n\n\n<p>La ex gobernadora de la provincia de Buenos Aires analiz\u00f3 la situaci\u00f3n pol\u00edtica actual y se pregunt\u00f3 si despu\u00e9s de la victoria de<strong>&nbsp;Javier Milei<\/strong>&nbsp;en los comicios presidenciales del 2023, \u201chay que seguir usando las mismas categor\u00edas de oficialismo y oposici\u00f3n\u201d.<\/p>\n\n\n\n<p>\u201c<strong>La gente vot\u00f3 a un<\/strong><em><strong>\u00a0outsider<\/strong><\/em><strong>, a alguien de afuera del sistema, harta de la falta de respuestas de los \u00faltimos 40 a\u00f1os<\/strong>, porque si hay algo que la democracia nos trajo fue estabilidad pol\u00edtica y libertad, pero no nos trajo bienestar\u201d, explic\u00f3.<\/p>\n\n\n\n<p>En di\u00e1logo con la periodista<strong>&nbsp;Romina Manguel&nbsp;<\/strong>para el programa<em>&nbsp;A confesi\u00f3n de parte<\/em>, que se emite por&nbsp;<em>FM Milenium<\/em>, la dirigente sostuvo que hay que \u201cdejar de pensar en si uno es oposici\u00f3n u oficialismo, y empezar a ver si algo le sirve a la gente o no\u201d.<\/p>\n\n\n\n<p><img loading=\"lazy\" decoding=\"async\" height=\"533\" width=\"800\" srcset=\"https:\/\/www.infobae.com\/new-resizer\/AwUxu0DZqUQThsMB7jAefNZFmyw=\/420x280\/filters:format(webp):quality(85)\/cloudfront-us-east-1.images.arcpublishing.com\/infobae\/CUDXBTX7LIMMNT3M7MXMNSZTTU.jpg 420w,https:\/\/www.infobae.com\/new-resizer\/H92b4QdnMNiuR5npg_4oVUfCgrE=\/768x512\/filters:format(webp):quality(85)\/cloudfront-us-east-1.images.arcpublishing.com\/infobae\/CUDXBTX7LIMMNT3M7MXMNSZTTU.jpg 768w,https:\/\/www.infobae.com\/new-resizer\/Y8Y3sGIkO2GhqxkKkCyoJxkCaKM=\/992x661\/filters:format(webp):quality(85)\/cloudfront-us-east-1.images.arcpublishing.com\/infobae\/CUDXBTX7LIMMNT3M7MXMNSZTTU.jpg 992w,https:\/\/www.infobae.com\/new-resizer\/h-zuv24OxyE1rdDFldD5xsMFARk=\/1200x800\/filters:format(webp):quality(85)\/cloudfront-us-east-1.images.arcpublishing.com\/infobae\/CUDXBTX7LIMMNT3M7MXMNSZTTU.jpg 1200w,https:\/\/www.infobae.com\/new-resizer\/0zVMDPnVUcVu4NRCNl6IebdCYbM=\/1440x960\/filters:format(webp):quality(85)\/cloudfront-us-east-1.images.arcpublishing.com\/infobae\/CUDXBTX7LIMMNT3M7MXMNSZTTU.jpg 1440w\" class=\"\" src=\"https:\/\/www.infobae.com\/new-resizer\/AwUxu0DZqUQThsMB7jAefNZFmyw=\/420x280\/filters:format(webp):quality(85)\/cloudfront-us-east-1.images.arcpublishing.com\/infobae\/CUDXBTX7LIMMNT3M7MXMNSZTTU.jpg%20420w\" alt=\"\u201cLa gente vot\u00f3 a un outsider, a alguien de afuera del sistema, harta de la falta de respuestas de los \u00faltimos 40 a\u00f1os&quot;, opin\u00f3 Vidal (REUTERS\/Liesa Johannssen)\"><\/p>\n\n\n\n<p>\u201cLa gente vot\u00f3 a un outsider, a alguien de afuera del sistema, harta de la falta de respuestas de los \u00faltimos 40 a\u00f1os&#8221;, opin\u00f3 Vidal (REUTERS\/Liesa Johannssen)<\/p>\n\n\n\n<p>\u201c<strong>Por eso tambi\u00e9n es tan importante para nosotros mantener al PRO, porque si vos te fusion\u00e1s con el partido que gobierna, porque ten\u00e9s algunas coincidencias con parte de sus ideas, despu\u00e9s est\u00e1s obligado a apoyar todo<\/strong>, incluso aquello que no crees que est\u00e1 bien o con lo que no est\u00e1s de acuerdo\u201d, advirti\u00f3.<\/p>\n\n\n\n<p>En este sentido, Vidal celebr\u00f3 que La Libertad Avanza tenga con el PRO \u201cun funcionamiento mucho m\u00e1s republicano que con el kirchnerismo\u201d y asegur\u00f3 que se siente \u201cc\u00f3moda acompa\u00f1ando\u201d en los proyectos que cree que \u201cest\u00e1n bien\u201d.<\/p>\n\n\n\n<p>No obstante, se\u00f1al\u00f3 que, \u201caunque el oficialismo tenga un triunfo contundente el a\u00f1o que viene,<strong>&nbsp;no va a tener mayor\u00eda en ninguna de las dos C\u00e1maras<\/strong>\u201d, por lo que el \u201cCongreso va a tener que trabajar y tratar de ponerse de acuerdo\u201d.<\/p>\n\n\n\n<p>Para la diputada, el PRO \u201cse est\u00e1 reordenando, bajo el liderazgo de Mauricio (Macri)\u201d y \u201ces el de ser un adulto en la sala y acompa\u00f1ar al Gobierno\u201d en algunas cuestiones, pero \u201cal mismo tiempo mantener la identidad\u201d.<\/p>\n\n\n\n<p>\u201cNo me imagino que Mauricio, como Presidente, no hubiera ido a una cumbre del Mercosur o que hubiera ido a un pa\u00eds sin haber visto a su jefe de Estado. En eso somos diferentes y est\u00e1 bien que lo seamos\u201d, agreg\u00f3.<\/p>\n\n\n\n<p>Respecto de la decisi\u00f3n de<strong>&nbsp;Patricia Bullrich&nbsp;<\/strong>de haber aceptado \u201ca t\u00edtulo personal\u201d el cargo de ministra de Seguridad en esta gesti\u00f3n, la ex gobernadora bonaerense reconoci\u00f3 \u201cque es algo que no le hace mal al pa\u00eds, que es lo m\u00e1s importante\u201d.<\/p>\n\n\n\n<p><img loading=\"lazy\" decoding=\"async\" alt=\"Vidal tambi\u00e9n opin\u00f3 sobre Patricia Bullrich y su incorporaci\u00f3n al Gobierno de Milei (Maximiliano Luna)\" height=\"1080\" width=\"1920\" class=\"\" src=\"https:\/\/www.infobae.com\/new-resizer\/cUYGmA4qApX3Bmj3k88VMQyoVAI=\/420x236\/filters:format(webp):quality(85)\/cloudfront-us-east-1.images.arcpublishing.com\/infobae\/THX2LYPQQNFSNEQ6CBRMVO4DAE.jpg%20420w\" srcset=\"https:\/\/www.infobae.com\/new-resizer\/cUYGmA4qApX3Bmj3k88VMQyoVAI=\/420x236\/filters:format(webp):quality(85)\/cloudfront-us-east-1.images.arcpublishing.com\/infobae\/THX2LYPQQNFSNEQ6CBRMVO4DAE.jpg 420w,https:\/\/www.infobae.com\/new-resizer\/8OBlItRPW8EUwhfQI75E6soY4GY=\/768x432\/filters:format(webp):quality(85)\/cloudfront-us-east-1.images.arcpublishing.com\/infobae\/THX2LYPQQNFSNEQ6CBRMVO4DAE.jpg 768w,https:\/\/www.infobae.com\/new-resizer\/yyNZmKLFvwlosp6ewi-b69XuPIk=\/992x558\/filters:format(webp):quality(85)\/cloudfront-us-east-1.images.arcpublishing.com\/infobae\/THX2LYPQQNFSNEQ6CBRMVO4DAE.jpg 992w,https:\/\/www.infobae.com\/new-resizer\/DlaSxOgFiHFEMD9XJEi1UqSMXD8=\/1200x675\/filters:format(webp):quality(85)\/cloudfront-us-east-1.images.arcpublishing.com\/infobae\/THX2LYPQQNFSNEQ6CBRMVO4DAE.jpg 1200w,https:\/\/www.infobae.com\/new-resizer\/dQaDg6ukgwwyv7c_dw-m2QwL110=\/1440x810\/filters:format(webp):quality(85)\/cloudfront-us-east-1.images.arcpublishing.com\/infobae\/THX2LYPQQNFSNEQ6CBRMVO4DAE.jpg 1440w\">Vidal tambi\u00e9n opin\u00f3 sobre Patricia Bullrich y su incorporaci\u00f3n al Gobierno de Milei (Maximiliano Luna)<\/p>\n\n\n\n<p>Sin embargo, opin\u00f3 que \u201ccomo dirigente del PRO\u201d, la funcionaria nacional \u201cdeber\u00eda haber consultado con el partido su incorporaci\u00f3n al Gobierno\u201d. Sobre el v\u00ednculo entre ambos espacios, complet\u00f3: \u201cHoy, a un a\u00f1o del cierre de listas, no descarto una coalici\u00f3n con La Libertad Avanza\u201d.<\/p>\n\n\n\n<p>\u201cUn partido no se arma solamente para ganar una elecci\u00f3n, se arma para defender ideas, y proyectos. Yo creo que si tuvi\u00e9ramos un gobierno de coalici\u00f3n, que hoy no lo hay, lo m\u00e1s importante ser\u00eda ponerse de acuerdo en el rumbo general que se buscar\u00e1 en econom\u00eda, en pol\u00edtica social, en relaciones exteriores\u201d, detall\u00f3.<\/p>\n\n\n\n<p>Por \u00faltimo, la ex mandataria bonaerense subray\u00f3 que \u201cla provincia de Buenos Aires es zona liberada para el narcotr\u00e1fico\u201d y argument\u00f3 que a su sucesor,<strong>&nbsp;Axel Kicillof<\/strong>, \u201cno le interesa la inseguridad\u201d.<\/p>\n\n\n\n<p>\u201cMe parece inexplicable que se muera un chico de 10 a\u00f1os y no escuchemos su voz ni la del ministro de Seguridad, por lo menos Berni pon\u00eda la cara. Cuando dejas de combatir el narcotr\u00e1fico, el delito aumenta y eso es lo que le est\u00e1 pasando a Kicillof desde hace 5 a\u00f1os. Tiene prejuicios ideol\u00f3gicos\u201d, cerr\u00f3.<\/p>\n\n\n\n<p><em>Fuente: Infobae.<\/em><\/p>\n\n\n\n<p><\/p>\n","protected":false},"excerpt":{"rendered":"<p>La diputada del partido amarillo asegur\u00f3 que se siente \u201cc\u00f3moda acompa\u00f1ando al Gobierno en lo que est\u00e1 bien\u201d, pero remarc\u00f3 que considera \u201cimportante mantenerse\u201d como oposici\u00f3n. La diputada del PRO\u00a0Mar\u00eda&hellip; <\/p>\n","protected":false},"author":6,"featured_media":152728,"comment_status":"closed","ping_status":"open","sticky":false,"template":"","format":"standard","meta":{"footnotes":""},"categories":[3],"tags":[],"class_list":["post-152724","post","type-post","status-publish","format-standard","has-post-thumbnail","hentry","category-politica"],"_links":{"self":[{"href":"https:\/\/corrientesdetarde.com\/index.php\/wp-json\/wp\/v2\/posts\/152724","targetHints":{"allow":["GET"]}}],"collection":[{"href":"https:\/\/corrientesdetarde.com\/index.php\/wp-json\/wp\/v2\/posts"}],"about":[{"href":"https:\/\/corrientesdetarde.com\/index.php\/wp-json\/wp\/v2\/types\/post"}],"author":[{"embeddable":true,"href":"https:\/\/corrientesdetarde.com\/index.php\/wp-json\/wp\/v2\/users\/6"}],"replies":[{"embeddable":true,"href":"https:\/\/corrientesdetarde.com\/index.php\/wp-json\/wp\/v2\/comments?post=152724"}],"version-history":[{"count":1,"href":"https:\/\/corrientesdetarde.com\/index.php\/wp-json\/wp\/v2\/posts\/152724\/revisions"}],"predecessor-version":[{"id":152729,"href":"https:\/\/corrientesdetarde.com\/index.php\/wp-json\/wp\/v2\/posts\/152724\/revisions\/152729"}],"wp:featuredmedia":[{"embeddable":true,"href":"https:\/\/corrientesdetarde.com\/index.php\/wp-json\/wp\/v2\/media\/152728"}],"wp:attachment":[{"href":"https:\/\/corrientesdetarde.com\/index.php\/wp-json\/wp\/v2\/media?parent=152724"}],"wp:term":[{"taxonomy":"category","embeddable":true,"href":"https:\/\/corrientesdetarde.com\/index.php\/wp-json\/wp\/v2\/categories?post=152724"},{"taxonomy":"post_tag","embeddable":true,"href":"https:\/\/corrientesdetarde.com\/index.php\/wp-json\/wp\/v2\/tags?post=152724"}],"curies":[{"name":"wp","href":"https:\/\/api.w.org\/{rel}","templated":true}]}}