{"id":15286,"date":"2022-10-28T12:39:30","date_gmt":"2022-10-28T15:39:30","guid":{"rendered":"https:\/\/corrientesdetarde.com\/?p=15286"},"modified":"2022-10-28T12:39:34","modified_gmt":"2022-10-28T15:39:34","slug":"historico-el-seleccionado-argentino-de-talla-baja-se-consagro-campeon-de-la-eurocopa","status":"publish","type":"post","link":"https:\/\/corrientesdetarde.com\/index.php\/deportes\/historico-el-seleccionado-argentino-de-talla-baja-se-consagro-campeon-de-la-eurocopa\/","title":{"rendered":"Hist\u00f3rico: el seleccionado argentino de talla baja se consagr\u00f3 campe\u00f3n de la Eurocopa"},"content":{"rendered":"\n<p>El combinado albiceleste, que ven\u00eda de ser campe\u00f3n de la Copa Am\u00e9rica, jug\u00f3 como invitado el certamen en el Viejo Continente y se qued\u00f3 con el t\u00edtulo de manera invicta.<\/p>\n\n\n\n<p>El equipo argentino f\u00fatbol de talla baja, que fue invitado a participar de la Eurocopa por haber obtenido el t\u00edtulo de Campe\u00f3n de Am\u00e9rica este a\u00f1o en Per\u00fa, se adue\u00f1\u00f3 del t\u00edtulo en el Viejo Continente disputado en Murcia (Espa\u00f1a), al superar ampliamente a sus rivales de manera invicta.<\/p>\n\n\n\n<p>Los Campeones de la Eurocopa:<\/p>\n\n\n\n<p>Cristian Soto; Catriel Brassesco, Gonz\u00e1lo Brogi, Marcelo Ayala; Daniel Sierra, Facundo Roja y Franco Chazarreta.<\/p>\n\n\n\n<p>Daniel Cervantes, Eduardo Barrionuevo, \u00c1ngel Ielpo, Pablo Antunez, Jonathan \u00c1lvarez , Joaqu\u00edn Boronio,Sergio Rol\u00f3n, Emanuel Corval\u00e1n<\/p>\n\n\n\n<p>Cuerpo T\u00e9cnico: DT Mariano Rojas, AT Alejandro Bojorque PF Joaqu\u00edn Su\u00e1rez, KIN Cristian Sarmiento, UT B\u00e1rbara Corbal\u00e1n<\/p>\n\n\n\n<figure class=\"wp-block-image\"><img decoding=\"async\" src=\"https:\/\/www.lt7noticias.com\/content\/bucket\/6\/35816w770h433c.jpg.webp\" alt=\"\"\/><\/figure>\n\n\n\n<h2 class=\"wp-block-heading\">Recorrido del campe\u00f3n de la Eurocopa<\/h2>\n\n\n\n<h3 class=\"wp-block-heading\">Participaci\u00f3n en el Grupo B:<\/h3>\n\n\n\n<p>Primer partido: Argentina 6 &#8211; 0 Espa\u00f1a<\/p>\n\n\n\n<p>Goles de: \u00c1ngel Ielpo, Catriel Brassesco, Facundo Rojas, Daniel Cervantes, Daniel Sierra y Franco Chazarreta.<\/p>\n\n\n\n<p>Segundo partido: Argentina 5 &#8211; 0 Alemania<\/p>\n\n\n\n<p>Goles: Catriel Brassesco, Facundo Rojas, Daniel Sierra (2), Eduardo Barrionuevo.<\/p>\n\n\n\n<h3 class=\"wp-block-heading\">Semifinal: Argentina 9 &#8211; 1 Alemania<\/h3>\n\n\n\n<p>Goles: Daniel Sierra (4) ,Catriel Brassesco (2) , Facundo Rojas, \u00c1ngel Ielpo, Gonzalo Broggi.<\/p>\n\n\n\n<h3 class=\"wp-block-heading\">Final: Argentina 11 &#8211; 3 Espa\u00f1a<\/h3>\n\n\n\n<p>Goles: Catriel Brassesco (4), Daniel Sierra (5), Martin Ant\u00fanez (2).<\/p>\n\n\n\n<p>El grupo A estuvo conformado por: Inglaterra, Francia, (falt\u00f3 Egipto; por inconvenientes de papeles, el equipo no pudo presentarse al torneo).<\/p>\n\n\n\n<p>Argentina va por m\u00e1s, quiere ahora ganar la Copa del Mundo que se disputar\u00e1 en nuestro pa\u00eds a mediados del pr\u00f3ximo a\u00f1o en la Ciudad de Buenos Aires. El equipo argentino campe\u00f3n de la Eurocopa cerrar\u00e1 su gira por el Viejo Continente, luego de su visita al Papa Francisco.<\/p>\n\n\n\n<p>La Fundacion N\u00ednawa Daher &#8211; Por una Vida Digna fue creada en memoria de la periodista Ninawa Daher, como continuaci\u00f3n de su legado y para apoyar la educaci\u00f3n, el deporte y la inclusi\u00f3n con \u00e9tica, valores y Solidaridad. En Instagram: @fundacionninawadaher, Twiter @fundninawadaher,&nbsp;Facebook@fundacionninawadaher.<\/p>\n\n\n\n<p>Pateando L\u00edmites es un medio audiovisual de Argentina, cubren y difunden todos los deportes practicados por atletas con discapacidad. Es el medio period\u00edstico audiovisual de los deportes paral\u00edmpicos, adaptados e inclusivos de Argentina.<\/p>\n\n\n\n<p>Instagram: @pateandolimites<\/p>\n\n\n\n<p>Facebook: https:\/\/www.facebook.com\/pateandolimites<\/p>\n\n\n\n<p>P\u00e1gina Web: www.pateandolimites.com<\/p>\n\n\n\n<p>La Fundaci\u00f3n apoya a Pateando L\u00edmites en su trabajo de inclusi\u00f3n, accesibilidad y visibilidad de la discapacidad en el deporte.<\/p>\n","protected":false},"excerpt":{"rendered":"<p>El combinado albiceleste, que ven\u00eda de ser campe\u00f3n de la Copa Am\u00e9rica, jug\u00f3 como invitado el certamen en el Viejo Continente y se qued\u00f3 con el t\u00edtulo de manera invicta.&hellip; <\/p>\n","protected":false},"author":4,"featured_media":15287,"comment_status":"closed","ping_status":"open","sticky":false,"template":"","format":"standard","meta":{"footnotes":""},"categories":[4],"tags":[],"class_list":["post-15286","post","type-post","status-publish","format-standard","has-post-thumbnail","hentry","category-deportes"],"_links":{"self":[{"href":"https:\/\/corrientesdetarde.com\/index.php\/wp-json\/wp\/v2\/posts\/15286","targetHints":{"allow":["GET"]}}],"collection":[{"href":"https:\/\/corrientesdetarde.com\/index.php\/wp-json\/wp\/v2\/posts"}],"about":[{"href":"https:\/\/corrientesdetarde.com\/index.php\/wp-json\/wp\/v2\/types\/post"}],"author":[{"embeddable":true,"href":"https:\/\/corrientesdetarde.com\/index.php\/wp-json\/wp\/v2\/users\/4"}],"replies":[{"embeddable":true,"href":"https:\/\/corrientesdetarde.com\/index.php\/wp-json\/wp\/v2\/comments?post=15286"}],"version-history":[{"count":1,"href":"https:\/\/corrientesdetarde.com\/index.php\/wp-json\/wp\/v2\/posts\/15286\/revisions"}],"predecessor-version":[{"id":15288,"href":"https:\/\/corrientesdetarde.com\/index.php\/wp-json\/wp\/v2\/posts\/15286\/revisions\/15288"}],"wp:featuredmedia":[{"embeddable":true,"href":"https:\/\/corrientesdetarde.com\/index.php\/wp-json\/wp\/v2\/media\/15287"}],"wp:attachment":[{"href":"https:\/\/corrientesdetarde.com\/index.php\/wp-json\/wp\/v2\/media?parent=15286"}],"wp:term":[{"taxonomy":"category","embeddable":true,"href":"https:\/\/corrientesdetarde.com\/index.php\/wp-json\/wp\/v2\/categories?post=15286"},{"taxonomy":"post_tag","embeddable":true,"href":"https:\/\/corrientesdetarde.com\/index.php\/wp-json\/wp\/v2\/tags?post=15286"}],"curies":[{"name":"wp","href":"https:\/\/api.w.org\/{rel}","templated":true}]}}