{"id":152887,"date":"2024-07-15T16:00:20","date_gmt":"2024-07-15T19:00:20","guid":{"rendered":"https:\/\/corrientesdetarde.com\/?p=152887"},"modified":"2024-07-15T16:00:21","modified_gmt":"2024-07-15T19:00:21","slug":"a-90-anos-de-la-decision-internacional-en-alvear-declaran-de-interes-el-puente-con-itaqui","status":"publish","type":"post","link":"https:\/\/corrientesdetarde.com\/index.php\/informacion-general\/a-90-anos-de-la-decision-internacional-en-alvear-declaran-de-interes-el-puente-con-itaqui\/","title":{"rendered":"A 90 a\u00f1os de la decisi\u00f3n internacional, en Alvear\u00a0declaran de inter\u00e9s el puente con Itaqu\u00ed"},"content":{"rendered":"\n<p>El Concejo Deliberante de General Alvear, con adhesi\u00f3n del Departamento Ejecutivo a cargo del intendente Miguel Salvarredy, declar\u00f3 de inter\u00e9s el proyecto de construcci\u00f3n del puente internacional de Alvear (Corrientes) con Itaqui (Estado de R\u00edo Grande del Sur, Brasil).<\/p>\n\n\n\n<p>La resoluci\u00f3n del Consejo Deliberante tambi\u00e9n invita a adherirse a esta declaraci\u00f3n, a los gobiernos provinciales del Nordeste, a sus poderes legislativos, y a los municipios, como as\u00ed tambi\u00e9n al Consejo de Crecimiento Econ\u00f3mico y de Desarrollo Social (CCDES) de Corrientes.&nbsp;<\/p>\n\n\n\n<p>La declaraci\u00f3n, aprobada por unanimidad del cuerpo deliberativo alvearense, se produjo en la sesi\u00f3n del mi\u00e9rcoles 10 de julio pasado, a unos 90 a\u00f1os de la decisi\u00f3n de establecer la traza entre Alvear e Itaqui como una de las alternativas para puente internacional que una a Argentina con Brasil, pronunciada por los gobiernos argentino y brasile\u00f1o.<\/p>\n\n\n\n<p>El Concejo Deliberante tambi\u00e9n resolvi\u00f3 pedir al Consejo de Crecimiento Econ\u00f3micos y de Desarrollo Social eleve esta declaraci\u00f3n al estamento del gobierno nacional que corresponda.<\/p>\n\n\n\n<p><strong>ANTE EL SENADO<\/strong><\/p>\n\n\n\n<p>El cuerpo de ediles alvearenses presentar\u00e1 como proyecto de declaraci\u00f3n de inter\u00e9s legislativo, el proyecto de puente Alvear-Itaqu\u00ed.&nbsp; &nbsp;&nbsp;<\/p>\n\n\n\n<p><strong>ADHESI\u00d3N DEL MUNICIPIO ALVEARENSE<\/strong><\/p>\n\n\n\n<p>Tras la aprobaci\u00f3n del Consejo Deliberante, la gesti\u00f3n municipal a cargo del intendente Miguel Salvarredy adhiri\u00f3 a la declaraci\u00f3n de inter\u00e9s del proyecto.<\/p>\n\n\n\n<p>En 1994, los municipios de General Alvear (Corrientes) e Itaqui (RGS, Brasil) obtuvieron las Cartas Reversales, que se trata de instrumento diplom\u00e1tico de autorizaci\u00f3n expresa por partes de los gobiernos nacionales a las comunas para llevar adelante la obra de puente carretero internacional sobre el r\u00edo Uruguay.<\/p>\n\n\n\n<p>Entre 1997 y 2000, ambos municipios constituyeron la Empresa Binacional, una sociedad binacional necesaria para la cristalizaci\u00f3n de la obra.&nbsp;<\/p>\n\n\n\n<p>En 1934, los gobiernos nacionales de Argentina y Brasil decidieron constituir los primeros pares de ciudades fronterizas como alternativas para las construcciones de puentes internacionales; entre ellas estaba el proyecto de viaducto entre Alvear e Itaqui.<\/p>\n","protected":false},"excerpt":{"rendered":"<p>El Concejo Deliberante de General Alvear, con adhesi\u00f3n del Departamento Ejecutivo a cargo del intendente Miguel Salvarredy, declar\u00f3 de inter\u00e9s el proyecto de construcci\u00f3n del puente internacional de Alvear (Corrientes)&hellip; <\/p>\n","protected":false},"author":3,"featured_media":152893,"comment_status":"closed","ping_status":"open","sticky":false,"template":"","format":"standard","meta":{"footnotes":""},"categories":[1],"tags":[],"class_list":["post-152887","post","type-post","status-publish","format-standard","has-post-thumbnail","hentry","category-informacion-general"],"_links":{"self":[{"href":"https:\/\/corrientesdetarde.com\/index.php\/wp-json\/wp\/v2\/posts\/152887","targetHints":{"allow":["GET"]}}],"collection":[{"href":"https:\/\/corrientesdetarde.com\/index.php\/wp-json\/wp\/v2\/posts"}],"about":[{"href":"https:\/\/corrientesdetarde.com\/index.php\/wp-json\/wp\/v2\/types\/post"}],"author":[{"embeddable":true,"href":"https:\/\/corrientesdetarde.com\/index.php\/wp-json\/wp\/v2\/users\/3"}],"replies":[{"embeddable":true,"href":"https:\/\/corrientesdetarde.com\/index.php\/wp-json\/wp\/v2\/comments?post=152887"}],"version-history":[{"count":1,"href":"https:\/\/corrientesdetarde.com\/index.php\/wp-json\/wp\/v2\/posts\/152887\/revisions"}],"predecessor-version":[{"id":152911,"href":"https:\/\/corrientesdetarde.com\/index.php\/wp-json\/wp\/v2\/posts\/152887\/revisions\/152911"}],"wp:featuredmedia":[{"embeddable":true,"href":"https:\/\/corrientesdetarde.com\/index.php\/wp-json\/wp\/v2\/media\/152893"}],"wp:attachment":[{"href":"https:\/\/corrientesdetarde.com\/index.php\/wp-json\/wp\/v2\/media?parent=152887"}],"wp:term":[{"taxonomy":"category","embeddable":true,"href":"https:\/\/corrientesdetarde.com\/index.php\/wp-json\/wp\/v2\/categories?post=152887"},{"taxonomy":"post_tag","embeddable":true,"href":"https:\/\/corrientesdetarde.com\/index.php\/wp-json\/wp\/v2\/tags?post=152887"}],"curies":[{"name":"wp","href":"https:\/\/api.w.org\/{rel}","templated":true}]}}