{"id":15289,"date":"2022-10-28T12:53:47","date_gmt":"2022-10-28T15:53:47","guid":{"rendered":"https:\/\/corrientesdetarde.com\/?p=15289"},"modified":"2022-10-28T12:53:50","modified_gmt":"2022-10-28T15:53:50","slug":"corrientes-no-registro-casos-nuevos-de-coronavirus-12","status":"publish","type":"post","link":"https:\/\/corrientesdetarde.com\/index.php\/informacion-general\/corrientes-no-registro-casos-nuevos-de-coronavirus-12\/","title":{"rendered":"Corrientes no registr\u00f3 casos nuevos de Coronavirus"},"content":{"rendered":"\n<p>El informe epidemiol\u00f3gico de la provincia de Corrientes de este viernes, indic\u00f3 que no se registraron nuevos casos positivos de Coronavirus, al haberse analizado 319 muestras en las \u00faltimas 24 horas.<\/p>\n\n\n\n<p>Esto mantiene la cifra de casos activos en 0 y los acumulados en 196.466 en todo el territorio provincial al 28 de octubre de 2022, con 2.022.382 testeos realizados desde que inici\u00f3 la pandemia y 194.525 recuperados.<\/p>\n\n\n\n<p>Mientras que son 2.132 los fallecidos acumulados. Adem\u00e1s, no hay pacientes internados en el Hospital de Campa\u00f1a, estando ocupado el 0% de los respiradores.<\/p>\n\n\n\n<p><strong>Hospital de Campa\u00f1a<\/strong><\/p>\n\n\n\n<p>El Ministerio de Salud P\u00fablica inform\u00f3 el parte m\u00e9dico del Hospital de Campa\u00f1a \u201cEscuela Hogar\u201d, dando cuenta que no se encuentran pacientes internados con resultado positivo para Covid-19.<\/p>\n\n\n\n<p>En el hospital de Campa\u00f1a Escuela Hogar se realizaron 47 atenciones en guardia, acumul\u00e1ndose 48.121.<\/p>\n\n\n\n<figure class=\"wp-block-image size-full\"><img loading=\"lazy\" decoding=\"async\" width=\"832\" height=\"930\" src=\"https:\/\/corrientesdetarde.com\/wp-content\/uploads\/2022\/10\/Captura-de-pantalla-2022-10-28-125323.png\" alt=\"\" class=\"wp-image-15291\" srcset=\"https:\/\/corrientesdetarde.com\/wp-content\/uploads\/2022\/10\/Captura-de-pantalla-2022-10-28-125323.png 832w, https:\/\/corrientesdetarde.com\/wp-content\/uploads\/2022\/10\/Captura-de-pantalla-2022-10-28-125323-268x300.png 268w, https:\/\/corrientesdetarde.com\/wp-content\/uploads\/2022\/10\/Captura-de-pantalla-2022-10-28-125323-768x858.png 768w\" sizes=\"auto, (max-width: 832px) 100vw, 832px\" \/><\/figure>\n","protected":false},"excerpt":{"rendered":"<p>El informe epidemiol\u00f3gico de la provincia de Corrientes de este viernes, indic\u00f3 que no se registraron nuevos casos positivos de Coronavirus, al haberse analizado 319 muestras en las \u00faltimas 24&hellip; <\/p>\n","protected":false},"author":4,"featured_media":15290,"comment_status":"closed","ping_status":"open","sticky":false,"template":"","format":"standard","meta":{"footnotes":""},"categories":[1],"tags":[],"class_list":["post-15289","post","type-post","status-publish","format-standard","has-post-thumbnail","hentry","category-informacion-general"],"_links":{"self":[{"href":"https:\/\/corrientesdetarde.com\/index.php\/wp-json\/wp\/v2\/posts\/15289","targetHints":{"allow":["GET"]}}],"collection":[{"href":"https:\/\/corrientesdetarde.com\/index.php\/wp-json\/wp\/v2\/posts"}],"about":[{"href":"https:\/\/corrientesdetarde.com\/index.php\/wp-json\/wp\/v2\/types\/post"}],"author":[{"embeddable":true,"href":"https:\/\/corrientesdetarde.com\/index.php\/wp-json\/wp\/v2\/users\/4"}],"replies":[{"embeddable":true,"href":"https:\/\/corrientesdetarde.com\/index.php\/wp-json\/wp\/v2\/comments?post=15289"}],"version-history":[{"count":1,"href":"https:\/\/corrientesdetarde.com\/index.php\/wp-json\/wp\/v2\/posts\/15289\/revisions"}],"predecessor-version":[{"id":15292,"href":"https:\/\/corrientesdetarde.com\/index.php\/wp-json\/wp\/v2\/posts\/15289\/revisions\/15292"}],"wp:featuredmedia":[{"embeddable":true,"href":"https:\/\/corrientesdetarde.com\/index.php\/wp-json\/wp\/v2\/media\/15290"}],"wp:attachment":[{"href":"https:\/\/corrientesdetarde.com\/index.php\/wp-json\/wp\/v2\/media?parent=15289"}],"wp:term":[{"taxonomy":"category","embeddable":true,"href":"https:\/\/corrientesdetarde.com\/index.php\/wp-json\/wp\/v2\/categories?post=15289"},{"taxonomy":"post_tag","embeddable":true,"href":"https:\/\/corrientesdetarde.com\/index.php\/wp-json\/wp\/v2\/tags?post=15289"}],"curies":[{"name":"wp","href":"https:\/\/api.w.org\/{rel}","templated":true}]}}