{"id":152912,"date":"2024-07-15T16:20:40","date_gmt":"2024-07-15T19:20:40","guid":{"rendered":"https:\/\/corrientesdetarde.com\/?p=152912"},"modified":"2024-07-15T16:20:45","modified_gmt":"2024-07-15T19:20:45","slug":"adorni-aseguro-que-con-las-nuevas-medidas-se-elimina-la-emision-de-pesos","status":"publish","type":"post","link":"https:\/\/corrientesdetarde.com\/index.php\/politica\/adorni-aseguro-que-con-las-nuevas-medidas-se-elimina-la-emision-de-pesos\/","title":{"rendered":"Adorni asegur\u00f3 que con las nuevas medidas se elimina la emisi\u00f3n de pesos"},"content":{"rendered":"\n<p><strong>Por Juan Pablo Peralta desde Casa Rosada<\/strong><\/p>\n\n\n\n<p>El presidente Javier Milei retorn\u00f3 de su \u00faltimo viaje a EEUU y se estableci\u00f3 en la Residencia de Olivos sin agenda p\u00fablica. En Casa Rosada, Manuel Adorni brind\u00f3 su habitual conferencia de prensa donde, en primer lugar, repudi\u00f3 el atentado sufrido por el ex presidente Donald Trump en el contexto de su campa\u00f1a.<\/p>\n\n\n\n<figure class=\"wp-block-embed is-type-video is-provider-youtube wp-block-embed-youtube wp-embed-aspect-16-9 wp-has-aspect-ratio\"><div class=\"wp-block-embed__wrapper\">\n<iframe loading=\"lazy\" title=\"Adorni asegur\u00f3 que con las nuevas medidas se elimina la emisi\u00f3n de pesos\" width=\"1110\" height=\"624\" src=\"https:\/\/www.youtube.com\/embed\/wIggS7RuZB4?feature=oembed\" frameborder=\"0\" allow=\"accelerometer; autoplay; clipboard-write; encrypted-media; gyroscope; picture-in-picture; web-share\" referrerpolicy=\"strict-origin-when-cross-origin\" allowfullscreen><\/iframe>\n<\/div><\/figure>\n\n\n\n<p>El vocero del Ejecutivo destac\u00f3 el n\u00famero de inflaci\u00f3n del pasado mes de junio, que fue de 4,6% y volvi\u00f3 a defender el esquema de sociedades an\u00f3nimas deportivas. El funcionario afirm\u00f3 que con las nuevas medidas econ\u00f3micas que se anunciaron, y ya puso en pr\u00e1ctica el Gobierno, se termina la emisi\u00f3n de pesos. Tambi\u00e9n manifest\u00f3 que Milei dijo que hay lugar para aquellos que no firmaron el Pacto de Mayo y critic\u00f3 dichos del diputado de Uni\u00f3n por la Patria y titular de La Bancaria, Sergio Palazzo, con respecto a que el BCRA podr\u00eda quedarse sin reservas. A la vez, apunt\u00f3 al gobernador bonaerense Axel Kicillof por fogonaer un RIGI paralelo, aunque se\u00f1al\u00f3 que est\u00e1 en todo su derecho de haerlo, pero de todos modos lo cuestion\u00f3 por haber opinado que la administraci\u00f3n de La Libertad Avanza no ve la recesi\u00f3n que atraviesa el pa\u00eds.<\/p>\n","protected":false},"excerpt":{"rendered":"<p>Por Juan Pablo Peralta desde Casa Rosada El presidente Javier Milei retorn\u00f3 de su \u00faltimo viaje a EEUU y se estableci\u00f3 en la Residencia de Olivos sin agenda p\u00fablica. En&hellip; <\/p>\n","protected":false},"author":11,"featured_media":97099,"comment_status":"closed","ping_status":"open","sticky":false,"template":"","format":"standard","meta":{"footnotes":""},"categories":[10,3],"tags":[1365,904,2086,2085,1443,160,336,1691,1160],"class_list":["post-152912","post","type-post","status-publish","format-standard","has-post-thumbnail","hentry","category-nacionales","category-politica","tag-adorni","tag-casa-rosada","tag-dolares-2","tag-emision","tag-inflacion-2","tag-kicillof","tag-milei","tag-pacto-de-mayo","tag-seleccion-2"],"_links":{"self":[{"href":"https:\/\/corrientesdetarde.com\/index.php\/wp-json\/wp\/v2\/posts\/152912","targetHints":{"allow":["GET"]}}],"collection":[{"href":"https:\/\/corrientesdetarde.com\/index.php\/wp-json\/wp\/v2\/posts"}],"about":[{"href":"https:\/\/corrientesdetarde.com\/index.php\/wp-json\/wp\/v2\/types\/post"}],"author":[{"embeddable":true,"href":"https:\/\/corrientesdetarde.com\/index.php\/wp-json\/wp\/v2\/users\/11"}],"replies":[{"embeddable":true,"href":"https:\/\/corrientesdetarde.com\/index.php\/wp-json\/wp\/v2\/comments?post=152912"}],"version-history":[{"count":2,"href":"https:\/\/corrientesdetarde.com\/index.php\/wp-json\/wp\/v2\/posts\/152912\/revisions"}],"predecessor-version":[{"id":152914,"href":"https:\/\/corrientesdetarde.com\/index.php\/wp-json\/wp\/v2\/posts\/152912\/revisions\/152914"}],"wp:featuredmedia":[{"embeddable":true,"href":"https:\/\/corrientesdetarde.com\/index.php\/wp-json\/wp\/v2\/media\/97099"}],"wp:attachment":[{"href":"https:\/\/corrientesdetarde.com\/index.php\/wp-json\/wp\/v2\/media?parent=152912"}],"wp:term":[{"taxonomy":"category","embeddable":true,"href":"https:\/\/corrientesdetarde.com\/index.php\/wp-json\/wp\/v2\/categories?post=152912"},{"taxonomy":"post_tag","embeddable":true,"href":"https:\/\/corrientesdetarde.com\/index.php\/wp-json\/wp\/v2\/tags?post=152912"}],"curies":[{"name":"wp","href":"https:\/\/api.w.org\/{rel}","templated":true}]}}