{"id":15296,"date":"2022-10-28T13:01:04","date_gmt":"2022-10-28T16:01:04","guid":{"rendered":"https:\/\/corrientesdetarde.com\/?p=15296"},"modified":"2022-10-28T13:07:37","modified_gmt":"2022-10-28T16:07:37","slug":"la-orquesta-sinfonica-brindara-conciertos-en-distintos-templos-de-la-ciudad","status":"publish","type":"post","link":"https:\/\/corrientesdetarde.com\/index.php\/cultura\/la-orquesta-sinfonica-brindara-conciertos-en-distintos-templos-de-la-ciudad\/","title":{"rendered":"La Orquesta Sinf\u00f3nica brindar\u00e1 conciertos en distintos templos de la ciudad"},"content":{"rendered":"\n<p>La Orquesta Sinf\u00f3nica de la Provincia, perteneciente a la Direcci\u00f3n de Artes Esc\u00e9nicas M\u00fasica y Artes Audiovisuales del Instituto de Cultura, tiene previstas distintas presentaciones, en el marco del Ciclo de Concierto Ecum\u00e9nicos por la Paz. La primera ser\u00e1 este s\u00e1bado 29 de octubre, a las 20, en la Iglesia de Jesucristo de los Santos de los \u00faltimos d\u00edas.\u00a0<\/p>\n\n\n\n<figure class=\"wp-block-image size-large\"><img loading=\"lazy\" decoding=\"async\" width=\"1024\" height=\"566\" src=\"https:\/\/corrientesdetarde.com\/wp-content\/uploads\/2022\/10\/Captura-de-pantalla-2022-10-28-130141-1-1024x566.png\" alt=\"\" class=\"wp-image-15302\" srcset=\"https:\/\/corrientesdetarde.com\/wp-content\/uploads\/2022\/10\/Captura-de-pantalla-2022-10-28-130141-1-1024x566.png 1024w, https:\/\/corrientesdetarde.com\/wp-content\/uploads\/2022\/10\/Captura-de-pantalla-2022-10-28-130141-1-300x166.png 300w, https:\/\/corrientesdetarde.com\/wp-content\/uploads\/2022\/10\/Captura-de-pantalla-2022-10-28-130141-1-768x425.png 768w, https:\/\/corrientesdetarde.com\/wp-content\/uploads\/2022\/10\/Captura-de-pantalla-2022-10-28-130141-1-1536x849.png 1536w, https:\/\/corrientesdetarde.com\/wp-content\/uploads\/2022\/10\/Captura-de-pantalla-2022-10-28-130141-1.png 1693w\" sizes=\"auto, (max-width: 1024px) 100vw, 1024px\" \/><\/figure>\n\n\n\n<p>El organismo realizar\u00e1 conciertos sinf\u00f3nicos en diversos templos de la ciudad, con el objetivo de compartir con la comunidad un momento art\u00edstico y un mensaje de paz y esperanza, por un mundo sin violencia.&nbsp;<\/p>\n\n\n\n<p>Los encuentros programados son este s\u00e1bado 29&nbsp;de octubre, a las 20, en la Iglesia de Jesucristo de los Santos de los \u00faltimos d\u00edas, templo morm\u00f3n ubicado en avenida Armenia 5040; y el s\u00e1bado 12 de noviembre, a las 21, en la Sociedad Cultural Israelita Scholem Aleijem, ubicado en San Mart\u00edn 1473.<\/p>\n\n\n\n<p>La direcci\u00f3n estar\u00e1 a cargo de Mtra. Andrea Fusco, y el acceso ser\u00e1 libre y gratuito.<\/p>\n\n\n\n<p><strong>M\u00fasica<\/strong><\/p>\n\n\n\n<p>El programa del 29 de octubre incluye autores como Joseph Haydn del que se escuchar\u00e1 L\u2019Isola disabitata (La isla deshabitada) \u2013 Obertura;&nbsp;de George Bizet la Suite Carmen N\u00b02, la Marcha de los contrabandistas,&nbsp;Habanera y&nbsp;&nbsp;Nocturno con Ricardo Gonz\u00e1lez Brante como solista. Tambi\u00e9n Canci\u00f3n del toreador, La Garde Montante&nbsp;(Cambio de guardia) y&nbsp;Danza bohemia.<\/p>\n\n\n\n<p>De&nbsp;Manuel de Falla, La vida breve &#8211; danza espa\u00f1ola N\u00b0 1; de&nbsp;Ger\u00f3nimo Gim\u00e9nez,&nbsp;&nbsp;La boda de Luis Alonso; de&nbsp;Jeff Manookian,&nbsp;Caminos argentinos con El Choclo y&nbsp;&nbsp;La cumparsita. Tambi\u00e9n el chamam\u00e9 Gente de Ley de Ernesto Montiel en una versi\u00f3n Orquestal: Mart\u00edn Pedrozo.<\/p>\n\n\n\n<p>Para el s\u00e1bado 12 de noviembre,&nbsp;en la \u201cSociedad Cultural Israelita Scholem Aleijem\u201d se escuchar\u00e1 L\u2019Isola disabitata (La isla deshabitada) \u2013 Obertura de&nbsp;&nbsp;Joseph Haydn; de Max Bruch: Suite sobre temas folkl\u00f3ricos rusos op 79 b, Andante sostenuto,&nbsp;Adagio ma non troppo lento &#8211; Vivace, Vivace ma non troppo, el Adagio sostenuto y Allegro energico ma non troppo.<\/p>\n\n\n\n<p>Tras un intervalo, se proseguir\u00e1 con: de Jeff Manookian Caminos argentinos y la interpretaci\u00f3n de El Choclo y La cumparsita; adem\u00e1s de \u201cGente de ley\u201d de&nbsp;Ernesto Montiel en una versi\u00f3n orquestal de&nbsp;Mart\u00edn Pedrozo y de Don&nbsp;Mario del Tr\u00e1nsito Cocomarola (tambi\u00e9n en una versi\u00f3n orquestal de Mart\u00edn Pedrozo),&nbsp;&nbsp;Puente Pexoa.<\/p>\n","protected":false},"excerpt":{"rendered":"<p>La Orquesta Sinf\u00f3nica de la Provincia, perteneciente a la Direcci\u00f3n de Artes Esc\u00e9nicas M\u00fasica y Artes Audiovisuales del Instituto de Cultura, tiene previstas distintas presentaciones, en el marco del Ciclo&hellip; <\/p>\n","protected":false},"author":4,"featured_media":15299,"comment_status":"closed","ping_status":"open","sticky":false,"template":"","format":"standard","meta":{"footnotes":""},"categories":[15],"tags":[],"class_list":["post-15296","post","type-post","status-publish","format-standard","has-post-thumbnail","hentry","category-cultura"],"_links":{"self":[{"href":"https:\/\/corrientesdetarde.com\/index.php\/wp-json\/wp\/v2\/posts\/15296","targetHints":{"allow":["GET"]}}],"collection":[{"href":"https:\/\/corrientesdetarde.com\/index.php\/wp-json\/wp\/v2\/posts"}],"about":[{"href":"https:\/\/corrientesdetarde.com\/index.php\/wp-json\/wp\/v2\/types\/post"}],"author":[{"embeddable":true,"href":"https:\/\/corrientesdetarde.com\/index.php\/wp-json\/wp\/v2\/users\/4"}],"replies":[{"embeddable":true,"href":"https:\/\/corrientesdetarde.com\/index.php\/wp-json\/wp\/v2\/comments?post=15296"}],"version-history":[{"count":3,"href":"https:\/\/corrientesdetarde.com\/index.php\/wp-json\/wp\/v2\/posts\/15296\/revisions"}],"predecessor-version":[{"id":15304,"href":"https:\/\/corrientesdetarde.com\/index.php\/wp-json\/wp\/v2\/posts\/15296\/revisions\/15304"}],"wp:featuredmedia":[{"embeddable":true,"href":"https:\/\/corrientesdetarde.com\/index.php\/wp-json\/wp\/v2\/media\/15299"}],"wp:attachment":[{"href":"https:\/\/corrientesdetarde.com\/index.php\/wp-json\/wp\/v2\/media?parent=15296"}],"wp:term":[{"taxonomy":"category","embeddable":true,"href":"https:\/\/corrientesdetarde.com\/index.php\/wp-json\/wp\/v2\/categories?post=15296"},{"taxonomy":"post_tag","embeddable":true,"href":"https:\/\/corrientesdetarde.com\/index.php\/wp-json\/wp\/v2\/tags?post=15296"}],"curies":[{"name":"wp","href":"https:\/\/api.w.org\/{rel}","templated":true}]}}