{"id":15305,"date":"2022-10-28T13:36:38","date_gmt":"2022-10-28T16:36:38","guid":{"rendered":"https:\/\/corrientesdetarde.com\/?p=15305"},"modified":"2022-10-28T13:36:41","modified_gmt":"2022-10-28T16:36:41","slug":"una-nena-cayo-de-un-cuarto-piso-de-un-colegio-por-sufrir-bullying-y-la-institucion-lo-niega","status":"publish","type":"post","link":"https:\/\/corrientesdetarde.com\/index.php\/internacionales\/una-nena-cayo-de-un-cuarto-piso-de-un-colegio-por-sufrir-bullying-y-la-institucion-lo-niega\/","title":{"rendered":"Una nena cay\u00f3 de un cuarto piso de un colegio por sufrir bullying y la instituci\u00f3n lo niega"},"content":{"rendered":"\n<p>El terrible hecho ocurri\u00f3 en una instituci\u00f3n escolar de Salamanca, Arequipa. El establecimiento neg\u00f3 acusaciones sobre bullying.<\/p>\n\n\n\n<p>Una fuerte noticia azot\u00f3 este mi\u00e9rcoles a los medios de comunicaci\u00f3n de Per\u00fa: una ni\u00f1a de 12 a\u00f1os cay\u00f3 de un cuarto piso y se encuentra en estado cr\u00edtico. Las primeras versiones indican que se trata de un caso de bullying. El establecimiento escolar desconoc\u00eda los actos sufridos en su contra por sus compa\u00f1eros.<\/p>\n\n\n\n<p>Seg\u00fan se\u00f1alaron m\u00e9dicos del Hospital Guillermo Almenara, Luhana, la peque\u00f1a afectada, sufri\u00f3 m\u00faltiples fracturas a nivel de la columna dorsal, pelvis y f\u00e9mur. Adem\u00e1s, tiene una contusi\u00f3n pulmonar y requiere de donantes de sangre.<\/p>\n\n\n\n<p>Jorge Amor\u00f3s, gerente de la Red Prestacional Almenara, le detall\u00f3 a la prensa sobre el tratamiento que recibi\u00f3 Luhana en el Hospital: &#8220;Se est\u00e1 haciendo el descarte de un traumatismo abdominal cerrado. Una anemia aguda ya fue compensada&#8221;.<\/p>\n\n\n\n<p>La Instituto Nacional de Defensa de la Competencia y de la Protecci\u00f3n de la Propiedad Intelectual (INDECOPI) anunci\u00f3 que verificar\u00e1 que el colegio Saco Oliveros de Salamanca cumpla con las obligaciones establecidas seg\u00fan la Ley, que promueve la convivencia sin violencia en las aulas de Per\u00fa.<\/p>\n\n\n\n<p>Frente a esta pol\u00e9mica situaci\u00f3n, Fabiana Gonz\u00e1lez, directora de la Asociaci\u00f3n Educativa Saco Oliveros, sali\u00f3 en defensa de las acusaciones y cr\u00edticas que se dieron en contra de la instituci\u00f3n educativa tras el grave accidente que sufri\u00f3 la menor de 12 a\u00f1os.<\/p>\n\n\n\n<p>&#8220;Desconocemos con exactitud los motivos que est\u00e1n en pleno proceso de investigaci\u00f3n&#8221;, expres\u00f3 Gonz\u00e1lez. Y agreg\u00f3 respecto al di\u00e1logo con los padres de Luhana: &#8220;Estamos orando para que nuestra estudiante pueda superarlo. Sus padres y familiares saben que tienen todo nuestro apoyo moral y f\u00edsico&#8221;.<\/p>\n\n\n\n<p><strong>La palabra de los padres<\/strong><br>&#8220;Ella dej\u00f3 una cartita como despidi\u00e9ndose, pidiendo perd\u00f3n, porque se sent\u00eda saturada y ya no aguantaba. La verdad no entiendo, cuando uno le dio tanto amor por parte de su pap\u00e1 y su mam\u00e1, todos la amamos. Le dimos todo lo que estuvo dentro de nuestro alcance y no nos imagin\u00e1bamos qu\u00e9 tanto le podr\u00eda afectar esos comentarios&#8221;, declar\u00f3 la madre de Luhana.<\/p>\n\n\n\n<p>Por su parte, el padre revel\u00f3 un dato sorprendente: &#8220;Encontr\u00e9 en su celular que ten\u00eda una carta de despedida desde el d\u00eda 22, pero no pude acceder porque tiene clave. En el t\u00edtulo sal\u00eda &#8216;quiz\u00e1s est\u00e9 muerta para esta fecha&#8217;. A pesar de ello, los alumnos se siguieron burlando de ella&#8221;.<\/p>\n","protected":false},"excerpt":{"rendered":"<p>El terrible hecho ocurri\u00f3 en una instituci\u00f3n escolar de Salamanca, Arequipa. El establecimiento neg\u00f3 acusaciones sobre bullying. Una fuerte noticia azot\u00f3 este mi\u00e9rcoles a los medios de comunicaci\u00f3n de Per\u00fa:&hellip; <\/p>\n","protected":false},"author":4,"featured_media":15310,"comment_status":"closed","ping_status":"open","sticky":false,"template":"","format":"standard","meta":{"footnotes":""},"categories":[11],"tags":[],"class_list":["post-15305","post","type-post","status-publish","format-standard","has-post-thumbnail","hentry","category-internacionales"],"_links":{"self":[{"href":"https:\/\/corrientesdetarde.com\/index.php\/wp-json\/wp\/v2\/posts\/15305","targetHints":{"allow":["GET"]}}],"collection":[{"href":"https:\/\/corrientesdetarde.com\/index.php\/wp-json\/wp\/v2\/posts"}],"about":[{"href":"https:\/\/corrientesdetarde.com\/index.php\/wp-json\/wp\/v2\/types\/post"}],"author":[{"embeddable":true,"href":"https:\/\/corrientesdetarde.com\/index.php\/wp-json\/wp\/v2\/users\/4"}],"replies":[{"embeddable":true,"href":"https:\/\/corrientesdetarde.com\/index.php\/wp-json\/wp\/v2\/comments?post=15305"}],"version-history":[{"count":1,"href":"https:\/\/corrientesdetarde.com\/index.php\/wp-json\/wp\/v2\/posts\/15305\/revisions"}],"predecessor-version":[{"id":15311,"href":"https:\/\/corrientesdetarde.com\/index.php\/wp-json\/wp\/v2\/posts\/15305\/revisions\/15311"}],"wp:featuredmedia":[{"embeddable":true,"href":"https:\/\/corrientesdetarde.com\/index.php\/wp-json\/wp\/v2\/media\/15310"}],"wp:attachment":[{"href":"https:\/\/corrientesdetarde.com\/index.php\/wp-json\/wp\/v2\/media?parent=15305"}],"wp:term":[{"taxonomy":"category","embeddable":true,"href":"https:\/\/corrientesdetarde.com\/index.php\/wp-json\/wp\/v2\/categories?post=15305"},{"taxonomy":"post_tag","embeddable":true,"href":"https:\/\/corrientesdetarde.com\/index.php\/wp-json\/wp\/v2\/tags?post=15305"}],"curies":[{"name":"wp","href":"https:\/\/api.w.org\/{rel}","templated":true}]}}