{"id":153099,"date":"2024-07-16T15:18:04","date_gmt":"2024-07-16T18:18:04","guid":{"rendered":"https:\/\/corrientesdetarde.com\/?p=153099"},"modified":"2024-07-16T15:18:16","modified_gmt":"2024-07-16T18:18:16","slug":"el-gobierno-nacional-dio-paso-a-las-sociedades-anonimas-en-el-futbol","status":"publish","type":"post","link":"https:\/\/corrientesdetarde.com\/index.php\/politica\/el-gobierno-nacional-dio-paso-a-las-sociedades-anonimas-en-el-futbol\/","title":{"rendered":"El Gobierno nacional dio paso a las Sociedades An\u00f3nimas en el f\u00fatbol"},"content":{"rendered":"\n<p>&#8220;Debe aceptarse la participaci\u00f3n de las asociaciones civiles y fundaciones como accionistas en sociedades an\u00f3nimas y la transformaci\u00f3n de las asociaciones civiles en sociedades an\u00f3nimas&#8221;, sostiene el DNU, ratificado hoy, martes 16. La medida fue avalada por el jefe de Estado, quien previamente hab\u00eda destacado que los titulares del seleccionado juegan en Sociedades An\u00f3nimas futbol\u00edsticas.<\/p>\n\n\n\n<p>Ambos art\u00edculos impactar\u00e1n directamente sobre la Ley General de Sociedades. En este caso, cualquier cambio que se realice en las sociedades deportivas se har\u00e1 por medio del voto de los socios.<\/p>\n\n\n\n<figure class=\"wp-block-image\"><img decoding=\"async\" src=\"https:\/\/www.diarioepoca.com\/content\/bucket\/0\/1373750w790h444c.webp.webp\" alt=\"\"\/><figcaption class=\"wp-element-caption\">DANIEL SCIOLI EST\u00c1 DE ACUERDO CON LAS SAD.<\/figcaption><\/figure>\n\n\n\n<p>&#8220;Pregunta t\u00e9cnica: si AFA se opone a las Sociedades An\u00f3nimas Deportivas, \u00bfpor qu\u00e9 motivo permite que el plantel titular provenga de estas sociedades? \u00bfAcaso ser\u00e1 que los resultados son importantes y las SAD tienen a los mejores? No m\u00e1s socialismo pobrista en el f\u00fatbol&#8221;, hab\u00eda lanzado Milei esta semana. Remarc\u00f3 que esta medida atraer\u00eda inversiones y har\u00eda que las j\u00f3venes promesas permanezcan en los clubes m\u00e1s tiempo.<\/p>\n\n\n\n<p>Desde la Asociaci\u00f3n del F\u00fatbol Argentino (AFA), encabezada por Claudio Tapia, se expresaron en contra de la medida, seg\u00fan detall\u00f3\u00a0Infobae\u00a0.\u00a0 Por su parte, exfutbolistas y dirigentes como Juan Sebasti\u00e1n Ver\u00f3n, presidente de Estudiantes de La Plata, apoyaron la modificaci\u00f3n. De acuerdo con fuentes cercanas al Gobierno nacional, este avance fue impulsado a partir del arribo de Federico Sturzenegger a la gesti\u00f3n.\u00a0\u00a0Tags<\/p>\n","protected":false},"excerpt":{"rendered":"<p>&#8220;Debe aceptarse la participaci\u00f3n de las asociaciones civiles y fundaciones como accionistas en sociedades an\u00f3nimas y la transformaci\u00f3n de las asociaciones civiles en sociedades an\u00f3nimas&#8221;, sostiene el DNU, ratificado hoy,&hellip; <\/p>\n","protected":false},"author":12,"featured_media":153109,"comment_status":"closed","ping_status":"open","sticky":false,"template":"","format":"standard","meta":{"footnotes":""},"categories":[23,3],"tags":[],"class_list":["post-153099","post","type-post","status-publish","format-standard","has-post-thumbnail","hentry","category-actualidad","category-politica"],"_links":{"self":[{"href":"https:\/\/corrientesdetarde.com\/index.php\/wp-json\/wp\/v2\/posts\/153099","targetHints":{"allow":["GET"]}}],"collection":[{"href":"https:\/\/corrientesdetarde.com\/index.php\/wp-json\/wp\/v2\/posts"}],"about":[{"href":"https:\/\/corrientesdetarde.com\/index.php\/wp-json\/wp\/v2\/types\/post"}],"author":[{"embeddable":true,"href":"https:\/\/corrientesdetarde.com\/index.php\/wp-json\/wp\/v2\/users\/12"}],"replies":[{"embeddable":true,"href":"https:\/\/corrientesdetarde.com\/index.php\/wp-json\/wp\/v2\/comments?post=153099"}],"version-history":[{"count":1,"href":"https:\/\/corrientesdetarde.com\/index.php\/wp-json\/wp\/v2\/posts\/153099\/revisions"}],"predecessor-version":[{"id":153110,"href":"https:\/\/corrientesdetarde.com\/index.php\/wp-json\/wp\/v2\/posts\/153099\/revisions\/153110"}],"wp:featuredmedia":[{"embeddable":true,"href":"https:\/\/corrientesdetarde.com\/index.php\/wp-json\/wp\/v2\/media\/153109"}],"wp:attachment":[{"href":"https:\/\/corrientesdetarde.com\/index.php\/wp-json\/wp\/v2\/media?parent=153099"}],"wp:term":[{"taxonomy":"category","embeddable":true,"href":"https:\/\/corrientesdetarde.com\/index.php\/wp-json\/wp\/v2\/categories?post=153099"},{"taxonomy":"post_tag","embeddable":true,"href":"https:\/\/corrientesdetarde.com\/index.php\/wp-json\/wp\/v2\/tags?post=153099"}],"curies":[{"name":"wp","href":"https:\/\/api.w.org\/{rel}","templated":true}]}}