{"id":153217,"date":"2024-07-16T21:57:35","date_gmt":"2024-07-17T00:57:35","guid":{"rendered":"https:\/\/corrientesdetarde.com\/?p=153217"},"modified":"2024-07-16T21:57:47","modified_gmt":"2024-07-17T00:57:47","slug":"bocas-junior-el-boxeador-camerunes-que-ira-a-los-juegos-olimpicos-2024","status":"publish","type":"post","link":"https:\/\/corrientesdetarde.com\/index.php\/deportes\/bocas-junior-el-boxeador-camerunes-que-ira-a-los-juegos-olimpicos-2024\/","title":{"rendered":"Bocas Junior, el boxeador camerun\u00e9s que ir\u00e1 a los Juegos Ol\u00edmpicos 2024"},"content":{"rendered":"\n<p>El joven deportista, que lleva ese nombre por el fanatismo de su padre por el club xeneize, viajar\u00e1 a Par\u00eds y representar\u00e1 a Camer\u00fan.<\/p>\n\n\n\n<p><strong>Bocas Junior<\/strong>&nbsp;es un boxeador camerun\u00e9s de 24 a\u00f1os que&nbsp;<strong>clasific\u00f3 a los Juegos Ol\u00edmpicos de Par\u00eds 2024.&nbsp;<\/strong>El joven deportista lleva el nombre del club argentino debido al<strong>&nbsp;fanatismo de su padre por el equipo xeneize<\/strong>.<\/p>\n\n\n\n<p><em>\u201c<strong>Mi padre era un fan\u00e1tico de Boca Juniors<\/strong>. De ni\u00f1o, jugaba al f\u00fatbol, pero nunca imagin\u00e9 que el deporte ser\u00eda mi camino\u201d<\/em>, declar\u00f3 el camerun\u00e9s.<\/p>\n\n\n\n<p>Bocas naci\u00f3 en Camer\u00fan y<strong>&nbsp;fue criado en circunstancias dif\u00edciles<\/strong>&nbsp;por lo que, a sus 10 a\u00f1os,&nbsp;<strong>emigr\u00f3 a Espa\u00f1a con el fin de encontrar una mejor vida<\/strong>:&nbsp;<em>&#8220;No fui a la escuela, pero&nbsp;<strong>aprend\u00ed el oficio de soldador y con 10 a\u00f1os ten\u00eda trabajo<\/strong>. Un amigo me empez\u00f3 a hablar de la vida all\u00e1 y&nbsp;<strong>decid\u00ed irme con \u00e9l<\/strong>. No sab\u00eda ni que era un pa\u00eds en el que viv\u00eda gente blanca\u201d.<\/em><\/p>\n\n\n\n<p><strong>Su llegada al continente europeo no fue nada f\u00e1cil.<\/strong>&nbsp;El viaje fue largo, ya que tard\u00f3 cinco a\u00f1os en poder llegar a tierras espa\u00f1olas, y peligroso, debido a que tuvo que cruzar las fronteras de forma ilegal: \u201c<em>Tuve suerte, pero el camino fue muy duro. No sab\u00eda ni siquiera lo que me esperaba.&nbsp;<strong>Mi madre me pudo ayudar en todo mi camino d\u00e1ndome alg\u00fan dinero, pero mi amigo no ten\u00eda esa suerte y ten\u00edamos que ir trabajando&nbsp;<\/strong>en los pa\u00edses<strong>&nbsp;<\/strong>que cruz\u00e1bamos para poder costearnos todo.&nbsp;<strong>No pod\u00eda avanzar sin \u00e9l. Eso hizo que tardase tanto<\/strong><\/em>\u201d, cont\u00f3 Bocas.<\/p>\n\n\n\n<p>Pas\u00f3 desde Avil\u00e9s hasta Oviedo, pero&nbsp;<strong>fue Madrid su lugar en el mundo y en donde comenz\u00f3 a dar sus primeros pasos en el boxeo<\/strong>. La organizaci\u00f3n&nbsp;<strong>C\u00e1ritas<\/strong>&nbsp;le dio una mano para comprar art\u00edculos que le sirvieran para empezar a especializarse en este deporte e ir formando su propia carrera, la cu\u00e1l&nbsp;<strong>comenz\u00f3 en el gimnasio del Estadio de Vallecas<\/strong>&nbsp;-donde juega el equipo espa\u00f1ol&nbsp;<strong>Rayo Vallecano<\/strong>-.<\/p>\n\n\n\n<p>A pesar de las dificultades econ\u00f3micas y legales, fue el boxeo lo que&nbsp;<strong>le dio una vocaci\u00f3n y un prop\u00f3sito en la vida.<\/strong>&nbsp;Su duro entrenamiento lo llev\u00f3 a&nbsp;<strong>destacar en el \u00e1mbito nacional<\/strong>, consiguiendo distintos campeonatos y medallas.<\/p>\n\n\n\n<p><em>\u201c<strong>El torneo africano se organiza en Camer\u00fan, lo que me permiti\u00f3 ver a todos los que ser\u00e1n mis rivales. Mi objetivo ahora mismo es ir a los Juegos\u201d<\/strong><\/em>, dec\u00eda Bocas hace un a\u00f1o atr\u00e1s. Actualmente, el boxeador podr\u00e1 competir y representar a su pa\u00eds en los&nbsp;<strong>Juegos Ol\u00edmpicos de Par\u00eds 2024<\/strong>, los cuales comenzar\u00e1n el&nbsp;<strong>26 de julio<\/strong>.<\/p>\n","protected":false},"excerpt":{"rendered":"<p>El joven deportista, que lleva ese nombre por el fanatismo de su padre por el club xeneize, viajar\u00e1 a Par\u00eds y representar\u00e1 a Camer\u00fan. Bocas Junior&nbsp;es un boxeador camerun\u00e9s de&hellip; <\/p>\n","protected":false},"author":4,"featured_media":153218,"comment_status":"closed","ping_status":"open","sticky":false,"template":"","format":"standard","meta":{"footnotes":""},"categories":[4],"tags":[],"class_list":["post-153217","post","type-post","status-publish","format-standard","has-post-thumbnail","hentry","category-deportes"],"_links":{"self":[{"href":"https:\/\/corrientesdetarde.com\/index.php\/wp-json\/wp\/v2\/posts\/153217","targetHints":{"allow":["GET"]}}],"collection":[{"href":"https:\/\/corrientesdetarde.com\/index.php\/wp-json\/wp\/v2\/posts"}],"about":[{"href":"https:\/\/corrientesdetarde.com\/index.php\/wp-json\/wp\/v2\/types\/post"}],"author":[{"embeddable":true,"href":"https:\/\/corrientesdetarde.com\/index.php\/wp-json\/wp\/v2\/users\/4"}],"replies":[{"embeddable":true,"href":"https:\/\/corrientesdetarde.com\/index.php\/wp-json\/wp\/v2\/comments?post=153217"}],"version-history":[{"count":1,"href":"https:\/\/corrientesdetarde.com\/index.php\/wp-json\/wp\/v2\/posts\/153217\/revisions"}],"predecessor-version":[{"id":153219,"href":"https:\/\/corrientesdetarde.com\/index.php\/wp-json\/wp\/v2\/posts\/153217\/revisions\/153219"}],"wp:featuredmedia":[{"embeddable":true,"href":"https:\/\/corrientesdetarde.com\/index.php\/wp-json\/wp\/v2\/media\/153218"}],"wp:attachment":[{"href":"https:\/\/corrientesdetarde.com\/index.php\/wp-json\/wp\/v2\/media?parent=153217"}],"wp:term":[{"taxonomy":"category","embeddable":true,"href":"https:\/\/corrientesdetarde.com\/index.php\/wp-json\/wp\/v2\/categories?post=153217"},{"taxonomy":"post_tag","embeddable":true,"href":"https:\/\/corrientesdetarde.com\/index.php\/wp-json\/wp\/v2\/tags?post=153217"}],"curies":[{"name":"wp","href":"https:\/\/api.w.org\/{rel}","templated":true}]}}