{"id":153224,"date":"2024-07-16T22:20:26","date_gmt":"2024-07-17T01:20:26","guid":{"rendered":"https:\/\/corrientesdetarde.com\/?p=153224"},"modified":"2024-07-16T22:20:31","modified_gmt":"2024-07-17T01:20:31","slug":"caso-loan-se-adelanto-la-declaracion-de-laudelina-la-tia-de-loan","status":"publish","type":"post","link":"https:\/\/corrientesdetarde.com\/index.php\/locales\/caso-loan-se-adelanto-la-declaracion-de-laudelina-la-tia-de-loan\/","title":{"rendered":"Caso Loan: Se adelant\u00f3 la declaraci\u00f3n de Laudelina, la t\u00eda de Loan"},"content":{"rendered":"\n<p>Pasadas las 19.30 de \u00e9ste martes, sorpresivamente se conoci\u00f3 la informaci\u00f3n de que la jueza Cristina Pozzer Penzo decidi\u00f3 adelantar la indagatoria a Laudelina Pe\u00f1a, t\u00eda del peque\u00f1o desaparecido el pasado 13 de marzo y que est\u00e1 detenida en el penal de Ezeiza. El procedimiento se da v\u00eda virtual. Vale recordar que en principio la comparecencia de Pe\u00f1a ante la magistrada estaba prevista para \u00e9ste mi\u00e9rcoles despu\u00e9s de las 9 am.<\/p>\n\n\n\n<p>La jueza federal Cristina Pozzer Penzo llev\u00f3 a cabo una audiencia virtual en donde ley\u00f3 las imputaciones a los siete detenidos por el caso Loan. Ma\u00f1ana comenzar\u00e1n con las indagatorias.<\/p>\n\n\n\n<p>Se realiz\u00f3 la imputaci\u00f3n a los siete detenidos por sustracci\u00f3n de un menor de edad. &#8220;Fue una h\u00e1bil jugada de su Se\u00f1or\u00eda&#8221;, se\u00f1al\u00f3 Jorge Monti, abogado de Ram\u00edrez y Millapi.&nbsp;<\/p>\n\n\n\n<p>Asimismo, indic\u00f3 que no le asign\u00f3 un rol a cada uno. &#8220;Mis defendidos est\u00e1n en estos porque fueron los \u00faltimos que estuvieron cerca de Loan&#8221;, consider\u00f3 el letrado. &nbsp;<\/p>\n\n\n\n<p>&#8220;El primer error fue haber avanzado por el criterio de abandono de persona. Su Se\u00f1or\u00eda sabr\u00e1 valorar sobre lo que tiene a su alcance&#8221;, concluy\u00f3.&nbsp;<\/p>\n\n\n\n<p>Se espera este mi\u00e9rcoles arranquen las indagatorias con la declaraci\u00f3n de Laudelina, t\u00eda de Loan, y que a partir de all\u00ed la jueza pueda darle un rol a los implicados.&nbsp;<\/p>\n","protected":false},"excerpt":{"rendered":"<p>Pasadas las 19.30 de \u00e9ste martes, sorpresivamente se conoci\u00f3 la informaci\u00f3n de que la jueza Cristina Pozzer Penzo decidi\u00f3 adelantar la indagatoria a Laudelina Pe\u00f1a, t\u00eda del peque\u00f1o desaparecido el&hellip; <\/p>\n","protected":false},"author":4,"featured_media":153192,"comment_status":"closed","ping_status":"open","sticky":false,"template":"","format":"standard","meta":{"footnotes":""},"categories":[8],"tags":[],"class_list":["post-153224","post","type-post","status-publish","format-standard","has-post-thumbnail","hentry","category-locales"],"_links":{"self":[{"href":"https:\/\/corrientesdetarde.com\/index.php\/wp-json\/wp\/v2\/posts\/153224","targetHints":{"allow":["GET"]}}],"collection":[{"href":"https:\/\/corrientesdetarde.com\/index.php\/wp-json\/wp\/v2\/posts"}],"about":[{"href":"https:\/\/corrientesdetarde.com\/index.php\/wp-json\/wp\/v2\/types\/post"}],"author":[{"embeddable":true,"href":"https:\/\/corrientesdetarde.com\/index.php\/wp-json\/wp\/v2\/users\/4"}],"replies":[{"embeddable":true,"href":"https:\/\/corrientesdetarde.com\/index.php\/wp-json\/wp\/v2\/comments?post=153224"}],"version-history":[{"count":1,"href":"https:\/\/corrientesdetarde.com\/index.php\/wp-json\/wp\/v2\/posts\/153224\/revisions"}],"predecessor-version":[{"id":153226,"href":"https:\/\/corrientesdetarde.com\/index.php\/wp-json\/wp\/v2\/posts\/153224\/revisions\/153226"}],"wp:featuredmedia":[{"embeddable":true,"href":"https:\/\/corrientesdetarde.com\/index.php\/wp-json\/wp\/v2\/media\/153192"}],"wp:attachment":[{"href":"https:\/\/corrientesdetarde.com\/index.php\/wp-json\/wp\/v2\/media?parent=153224"}],"wp:term":[{"taxonomy":"category","embeddable":true,"href":"https:\/\/corrientesdetarde.com\/index.php\/wp-json\/wp\/v2\/categories?post=153224"},{"taxonomy":"post_tag","embeddable":true,"href":"https:\/\/corrientesdetarde.com\/index.php\/wp-json\/wp\/v2\/tags?post=153224"}],"curies":[{"name":"wp","href":"https:\/\/api.w.org\/{rel}","templated":true}]}}