{"id":153235,"date":"2024-07-16T22:57:30","date_gmt":"2024-07-17T01:57:30","guid":{"rendered":"https:\/\/corrientesdetarde.com\/?p=153235"},"modified":"2024-07-16T22:57:32","modified_gmt":"2024-07-17T01:57:32","slug":"lucas-alario-dejaria-inter-de-porto-alegre-por-un-equipo-de-emiratos-arabes","status":"publish","type":"post","link":"https:\/\/corrientesdetarde.com\/index.php\/deportes\/lucas-alario-dejaria-inter-de-porto-alegre-por-un-equipo-de-emiratos-arabes\/","title":{"rendered":"Lucas Alario dejar\u00eda Inter de Porto Alegre por un equipo de Emiratos \u00c1rabes"},"content":{"rendered":"\n<p>El ex atacante de River y Col\u00f3n negocia con Al Ain.<\/p>\n\n\n\n<p>El delantero<strong>&nbsp;Lucas Alario,&nbsp;<\/strong>actualmente en Inter de Porto Alegre, podr\u00eda ser el nuevo refuerzo estrella del<strong>&nbsp;Al Ain de Emiratos \u00c1rabes Unidos,&nbsp;<\/strong>ya que tuvo poca participaci\u00f3n desde que se incorpor\u00f3 al conjunto brasile\u00f1o.<\/p>\n\n\n\n<p>El ex River, Col\u00f3n de Santa Fe, y Leverskusen de Alemania tiene contrato con el&nbsp;<strong>Internacional<\/strong>&nbsp;hasta el&nbsp;<strong>31 de diciembre de 2025.<\/strong>&nbsp;Pero seg\u00fan diversos medios brasile\u00f1os, las negociaciones de su agente,<strong>&nbsp;Pedro Aldave<\/strong>, con la Instituci\u00f3n deportiva de emirat\u00ed se encuentran avanzadas.<\/p>\n\n\n\n<p>El delantero santafesino lleg\u00f3 al Inter de Porto Alegre el 1 de enero de 2024, tuvo un rendimiento bajo que fue acompa\u00f1ado de pocos minutos en cancha. En el \u00faltimo tiempo, el director t\u00e9cnico, Eduardo Coudet, decidi\u00f3 no tenerlo en cuenta.<\/p>\n\n\n\n<p>Adem\u00e1s, se encontr\u00f3 con un equipo que estaba plagado de estrellas en su puesto, como el colombiano&nbsp;<strong>Santos<\/strong>&nbsp;<strong>Rafael Borr\u00e9&nbsp;<\/strong>y el ecuatoriano&nbsp;<strong>Enner Valencia.<\/strong><\/p>\n","protected":false},"excerpt":{"rendered":"<p>El ex atacante de River y Col\u00f3n negocia con Al Ain. El delantero&nbsp;Lucas Alario,&nbsp;actualmente en Inter de Porto Alegre, podr\u00eda ser el nuevo refuerzo estrella del&nbsp;Al Ain de Emiratos \u00c1rabes&hellip; <\/p>\n","protected":false},"author":4,"featured_media":153236,"comment_status":"closed","ping_status":"open","sticky":false,"template":"","format":"standard","meta":{"footnotes":""},"categories":[4],"tags":[],"class_list":["post-153235","post","type-post","status-publish","format-standard","has-post-thumbnail","hentry","category-deportes"],"_links":{"self":[{"href":"https:\/\/corrientesdetarde.com\/index.php\/wp-json\/wp\/v2\/posts\/153235","targetHints":{"allow":["GET"]}}],"collection":[{"href":"https:\/\/corrientesdetarde.com\/index.php\/wp-json\/wp\/v2\/posts"}],"about":[{"href":"https:\/\/corrientesdetarde.com\/index.php\/wp-json\/wp\/v2\/types\/post"}],"author":[{"embeddable":true,"href":"https:\/\/corrientesdetarde.com\/index.php\/wp-json\/wp\/v2\/users\/4"}],"replies":[{"embeddable":true,"href":"https:\/\/corrientesdetarde.com\/index.php\/wp-json\/wp\/v2\/comments?post=153235"}],"version-history":[{"count":1,"href":"https:\/\/corrientesdetarde.com\/index.php\/wp-json\/wp\/v2\/posts\/153235\/revisions"}],"predecessor-version":[{"id":153237,"href":"https:\/\/corrientesdetarde.com\/index.php\/wp-json\/wp\/v2\/posts\/153235\/revisions\/153237"}],"wp:featuredmedia":[{"embeddable":true,"href":"https:\/\/corrientesdetarde.com\/index.php\/wp-json\/wp\/v2\/media\/153236"}],"wp:attachment":[{"href":"https:\/\/corrientesdetarde.com\/index.php\/wp-json\/wp\/v2\/media?parent=153235"}],"wp:term":[{"taxonomy":"category","embeddable":true,"href":"https:\/\/corrientesdetarde.com\/index.php\/wp-json\/wp\/v2\/categories?post=153235"},{"taxonomy":"post_tag","embeddable":true,"href":"https:\/\/corrientesdetarde.com\/index.php\/wp-json\/wp\/v2\/tags?post=153235"}],"curies":[{"name":"wp","href":"https:\/\/api.w.org\/{rel}","templated":true}]}}