{"id":153241,"date":"2024-07-16T22:59:49","date_gmt":"2024-07-17T01:59:49","guid":{"rendered":"https:\/\/corrientesdetarde.com\/?p=153241"},"modified":"2024-07-16T22:59:54","modified_gmt":"2024-07-17T01:59:54","slug":"gustavo-alfaro-sera-el-nuevo-director-tecnico-de-la-seleccion-de-paraguay","status":"publish","type":"post","link":"https:\/\/corrientesdetarde.com\/index.php\/deportes\/gustavo-alfaro-sera-el-nuevo-director-tecnico-de-la-seleccion-de-paraguay\/","title":{"rendered":"Gustavo Alfaro ser\u00e1 el nuevo director t\u00e9cnico de la selecci\u00f3n de Paraguay"},"content":{"rendered":"\n<p>El ex DT de Boca viene de dirigir a Ecuador y Costa Rica.<\/p>\n\n\n\n<p>El experimentado entrenador&nbsp;<strong>Gustavo Alfaro<\/strong>&nbsp;se desvincul\u00f3 de la selecci\u00f3n de Costa Rica, despu\u00e9s de competir en la \u00faltima Copa Am\u00e9rica celebrada en Estados Unidos y est\u00e1 listo para asumir el mando del equipo nacional de<strong>&nbsp;Paraguay,&nbsp;<\/strong>tras la salida de otro argentino, Daniel Garnero.<\/p>\n\n\n\n<p>Alfaro decidi\u00f3 pagar el resarcimiento solicitado por la Federaci\u00f3n Costarricense de F\u00fatbol, allanando as\u00ed su camino hacia su nuevo destino en la &#8220;Albirroja&#8221;.&nbsp;<strong>Este viernes se espera su llegada a Asunci\u00f3n para ser presentado oficialmente como el nuevo director t\u00e9cnico del equipo paraguayo.<\/strong><\/p>\n\n\n\n<p>El ex entrenador de Boca y de la selecci\u00f3n ecuatoriana est\u00e1 a punto de regresar al f\u00fatbol sudamericano, con la meta de llevar a Paraguay al pr\u00f3ximo Mundial,&nbsp;<strong>tal como lo hizo con Ecuador en el camino a Qatar 2022.<\/strong>&nbsp;Alfaro ya abon\u00f3 la compensaci\u00f3n a Costa Rica, lo que le permitir\u00e1 viajar en las pr\u00f3ximas horas para firmar su contrato con la Asociaci\u00f3n Paraguaya de F\u00fatbol.<\/p>\n\n\n\n<p>En Paraguay, la noticia fue recibida con entusiasmo, ya que el ex estratega de la &#8220;Tri&#8221; fue seleccionado por la APF para sustituir a Garnero, quien fue despedido tras un corto y desafortunado mandato de menos de un a\u00f1o, que culmin\u00f3 con una desastrosa participaci\u00f3n en la Copa Am\u00e9rica.<\/p>\n\n\n\n<p>Alfaro y su representante est\u00e1n en las etapas finales de las negociaciones para un contrato que se extender\u00eda hasta 2026. Este acuerdo incluye una cl\u00e1usula de renovaci\u00f3n autom\u00e1tica en caso de que Paraguay logre clasificarse al Mundial. Con esta posibilidad en mente, el nuevo DT asume un desaf\u00edo significativo y emocionante.<\/p>\n\n\n\n<p><strong>La primera gran prueba de Alfaro llegar\u00e1 en septiembre, cuando Paraguay se enfrente a Uruguay en Montevideo y luego reciba a Brasil en el estadio Defensores del Chaco, como parte de las Eliminatorias.<\/strong>&nbsp;Estos encuentros ser\u00e1n cruciales para medir el impacto inicial del nuevo entrenador y su capacidad para revitalizar al equipo.<\/p>\n","protected":false},"excerpt":{"rendered":"<p>El ex DT de Boca viene de dirigir a Ecuador y Costa Rica. El experimentado entrenador&nbsp;Gustavo Alfaro&nbsp;se desvincul\u00f3 de la selecci\u00f3n de Costa Rica, despu\u00e9s de competir en la \u00faltima&hellip; <\/p>\n","protected":false},"author":4,"featured_media":153242,"comment_status":"closed","ping_status":"open","sticky":false,"template":"","format":"standard","meta":{"footnotes":""},"categories":[4],"tags":[],"class_list":["post-153241","post","type-post","status-publish","format-standard","has-post-thumbnail","hentry","category-deportes"],"_links":{"self":[{"href":"https:\/\/corrientesdetarde.com\/index.php\/wp-json\/wp\/v2\/posts\/153241","targetHints":{"allow":["GET"]}}],"collection":[{"href":"https:\/\/corrientesdetarde.com\/index.php\/wp-json\/wp\/v2\/posts"}],"about":[{"href":"https:\/\/corrientesdetarde.com\/index.php\/wp-json\/wp\/v2\/types\/post"}],"author":[{"embeddable":true,"href":"https:\/\/corrientesdetarde.com\/index.php\/wp-json\/wp\/v2\/users\/4"}],"replies":[{"embeddable":true,"href":"https:\/\/corrientesdetarde.com\/index.php\/wp-json\/wp\/v2\/comments?post=153241"}],"version-history":[{"count":1,"href":"https:\/\/corrientesdetarde.com\/index.php\/wp-json\/wp\/v2\/posts\/153241\/revisions"}],"predecessor-version":[{"id":153243,"href":"https:\/\/corrientesdetarde.com\/index.php\/wp-json\/wp\/v2\/posts\/153241\/revisions\/153243"}],"wp:featuredmedia":[{"embeddable":true,"href":"https:\/\/corrientesdetarde.com\/index.php\/wp-json\/wp\/v2\/media\/153242"}],"wp:attachment":[{"href":"https:\/\/corrientesdetarde.com\/index.php\/wp-json\/wp\/v2\/media?parent=153241"}],"wp:term":[{"taxonomy":"category","embeddable":true,"href":"https:\/\/corrientesdetarde.com\/index.php\/wp-json\/wp\/v2\/categories?post=153241"},{"taxonomy":"post_tag","embeddable":true,"href":"https:\/\/corrientesdetarde.com\/index.php\/wp-json\/wp\/v2\/tags?post=153241"}],"curies":[{"name":"wp","href":"https:\/\/api.w.org\/{rel}","templated":true}]}}