{"id":153244,"date":"2024-07-17T00:20:12","date_gmt":"2024-07-17T03:20:12","guid":{"rendered":"https:\/\/corrientesdetarde.com\/?p=153244"},"modified":"2024-07-17T00:20:16","modified_gmt":"2024-07-17T03:20:16","slug":"tassano-acompano-las-celebraciones-por-el-dia-de-la-virgen-de-itati","status":"publish","type":"post","link":"https:\/\/corrientesdetarde.com\/index.php\/actualidad\/tassano-acompano-las-celebraciones-por-el-dia-de-la-virgen-de-itati\/","title":{"rendered":"Tassano acompa\u00f1\u00f3 las celebraciones por el D\u00eda de la Virgen de Itat\u00ed"},"content":{"rendered":"\n<p><em>La ciudad de Itat\u00ed fue sede de este importante festejo cat\u00f3lico en el cual se celebraban los 124 a\u00f1os de la Coronaci\u00f3n Pontificia de Nuestra Se\u00f1ora de Itat\u00ed.<\/em><\/p>\n\n\n\n<p>El intendente de Corrientes, Eduardo Tassano, fue uno m\u00e1s de los miles de peregrinos que acompa\u00f1aron los festejos y el encuentro de la Virgen de Itat\u00ed con la de Caacup\u00e9 en el R\u00edo Paran\u00e1. El evento cont\u00f3 con la presencia de intendentes de diversas localidades, autoridades provinciales y del vecino pa\u00eds de Paraguay, adem\u00e1s de visitantes de varias provincias quienes incluso acamparon desde la noche anterior para ser parte de esta tradicional celebraci\u00f3n.\u00a0<\/p>\n\n\n\n<figure class=\"wp-block-image size-large\"><img loading=\"lazy\" decoding=\"async\" width=\"1024\" height=\"672\" src=\"https:\/\/corrientesdetarde.com\/wp-content\/uploads\/2024\/07\/image-131-1024x672.png\" alt=\"\" class=\"wp-image-153252\" srcset=\"https:\/\/corrientesdetarde.com\/wp-content\/uploads\/2024\/07\/image-131-1024x672.png 1024w, https:\/\/corrientesdetarde.com\/wp-content\/uploads\/2024\/07\/image-131-300x197.png 300w, https:\/\/corrientesdetarde.com\/wp-content\/uploads\/2024\/07\/image-131-768x504.png 768w, https:\/\/corrientesdetarde.com\/wp-content\/uploads\/2024\/07\/image-131.png 1270w\" sizes=\"auto, (max-width: 1024px) 100vw, 1024px\" \/><\/figure>\n\n\n\n<p><br><br>En la ciudad de Itat\u00ed, sede del festejo por los\u00a0124 a\u00f1os de la Coronaci\u00f3n Pontificia de Nuestra Se\u00f1ora de Itat\u00ed, la celebraci\u00f3n inici\u00f3 con la salida de lanchas para que se d\u00e9\u00a0el encuentro en medio del r\u00edo de la Virgen de Itat\u00ed, patrona de la provincia de Corrientes, con la de Caacup\u00e9, patrona del Paraguay. Se trata de una tradici\u00f3n que cumple 34 a\u00f1os y que une a la comunidad argentina y paraguaya. Este a\u00f1o participaron cerca de cien embarcaciones.\u00a0<\/p>\n\n\n\n<figure class=\"wp-block-image size-large\"><img loading=\"lazy\" decoding=\"async\" width=\"1024\" height=\"676\" src=\"https:\/\/corrientesdetarde.com\/wp-content\/uploads\/2024\/07\/image-132-1024x676.png\" alt=\"\" class=\"wp-image-153253\" srcset=\"https:\/\/corrientesdetarde.com\/wp-content\/uploads\/2024\/07\/image-132-1024x676.png 1024w, https:\/\/corrientesdetarde.com\/wp-content\/uploads\/2024\/07\/image-132-300x198.png 300w, https:\/\/corrientesdetarde.com\/wp-content\/uploads\/2024\/07\/image-132-768x507.png 768w, https:\/\/corrientesdetarde.com\/wp-content\/uploads\/2024\/07\/image-132.png 1262w\" sizes=\"auto, (max-width: 1024px) 100vw, 1024px\" \/><\/figure>\n\n\n\n<p><br><br>Seguidamente, se inici\u00f3 la procesi\u00f3n rumbo a la Bas\u00edlica d\u00f3nde se desarroll\u00f3 la Santa Misa que fue encabezada por el Arzobispo de Corrientes, Monse\u00f1or Andr\u00e9s Stanovnik. Cada actividad se vivi\u00f3 con mucha emoci\u00f3n y fue acompa\u00f1ada por alabanzas y cantos de los participantes.\u00a0<br><br>AGRADECIMIENTOS Y RENOVACI\u00d3N DE LA FE<br>La celebraci\u00f3n del cumplea\u00f1os de la Virgen de Itat\u00ed es un evento esperado todo el a\u00f1o y convoca a miles de feligreses y comerciantes.\u00a0<br><br>En este marco, Cristina Romero, que trabaja hace 14 a\u00f1os como comerciante en la ciudad, destac\u00f3: \u201cLa fe se mantiene intacta a pesar de todas las dificultades que uno puede tener. Los problemas te hacen flaquear pero la f\u00e9 hace que la gente, hasta la m\u00e1s humilde, venga a Itat\u00ed sin importar los l\u00edmites. Tenemos visitantes de todo el pa\u00eds\u201d.\u00a0<\/p>\n\n\n\n<figure class=\"wp-block-image size-large\"><img loading=\"lazy\" decoding=\"async\" width=\"1024\" height=\"680\" src=\"https:\/\/corrientesdetarde.com\/wp-content\/uploads\/2024\/07\/image-133-1024x680.png\" alt=\"\" class=\"wp-image-153254\" srcset=\"https:\/\/corrientesdetarde.com\/wp-content\/uploads\/2024\/07\/image-133-1024x680.png 1024w, https:\/\/corrientesdetarde.com\/wp-content\/uploads\/2024\/07\/image-133-300x199.png 300w, https:\/\/corrientesdetarde.com\/wp-content\/uploads\/2024\/07\/image-133-768x510.png 768w, https:\/\/corrientesdetarde.com\/wp-content\/uploads\/2024\/07\/image-133.png 1261w\" sizes=\"auto, (max-width: 1024px) 100vw, 1024px\" \/><\/figure>\n\n\n\n<p><br><br>De la misma forma, Mar\u00eda Aguilar, quien lleg\u00f3 desde la provincia de San Luis, expres\u00f3: &#8220;Peregrinar es hermoso, la virgencita siempre nos bendice y vendemos todo lo que traemos&#8221;.<br><br>&#8220;Vivir a Mar\u00eda nos llena de alegr\u00eda, la fe debe ser nuestra bandera. Por eso venimos cada a\u00f1o, a agradecer su compa\u00f1\u00eda. Celebremos a nuestra se\u00f1ora de Itat\u00ed y Caacup\u00e9&#8221;, manifest\u00f3 por \u00faltimo Pedro Lezcano, peregrino de Paraguay.<\/p>\n","protected":false},"excerpt":{"rendered":"<p>La ciudad de Itat\u00ed fue sede de este importante festejo cat\u00f3lico en el cual se celebraban los 124 a\u00f1os de la Coronaci\u00f3n Pontificia de Nuestra Se\u00f1ora de Itat\u00ed. El intendente&hellip; <\/p>\n","protected":false},"author":4,"featured_media":153255,"comment_status":"closed","ping_status":"open","sticky":false,"template":"","format":"standard","meta":{"footnotes":""},"categories":[23],"tags":[],"class_list":["post-153244","post","type-post","status-publish","format-standard","has-post-thumbnail","hentry","category-actualidad"],"_links":{"self":[{"href":"https:\/\/corrientesdetarde.com\/index.php\/wp-json\/wp\/v2\/posts\/153244","targetHints":{"allow":["GET"]}}],"collection":[{"href":"https:\/\/corrientesdetarde.com\/index.php\/wp-json\/wp\/v2\/posts"}],"about":[{"href":"https:\/\/corrientesdetarde.com\/index.php\/wp-json\/wp\/v2\/types\/post"}],"author":[{"embeddable":true,"href":"https:\/\/corrientesdetarde.com\/index.php\/wp-json\/wp\/v2\/users\/4"}],"replies":[{"embeddable":true,"href":"https:\/\/corrientesdetarde.com\/index.php\/wp-json\/wp\/v2\/comments?post=153244"}],"version-history":[{"count":1,"href":"https:\/\/corrientesdetarde.com\/index.php\/wp-json\/wp\/v2\/posts\/153244\/revisions"}],"predecessor-version":[{"id":153256,"href":"https:\/\/corrientesdetarde.com\/index.php\/wp-json\/wp\/v2\/posts\/153244\/revisions\/153256"}],"wp:featuredmedia":[{"embeddable":true,"href":"https:\/\/corrientesdetarde.com\/index.php\/wp-json\/wp\/v2\/media\/153255"}],"wp:attachment":[{"href":"https:\/\/corrientesdetarde.com\/index.php\/wp-json\/wp\/v2\/media?parent=153244"}],"wp:term":[{"taxonomy":"category","embeddable":true,"href":"https:\/\/corrientesdetarde.com\/index.php\/wp-json\/wp\/v2\/categories?post=153244"},{"taxonomy":"post_tag","embeddable":true,"href":"https:\/\/corrientesdetarde.com\/index.php\/wp-json\/wp\/v2\/tags?post=153244"}],"curies":[{"name":"wp","href":"https:\/\/api.w.org\/{rel}","templated":true}]}}