{"id":153359,"date":"2024-07-17T17:01:35","date_gmt":"2024-07-17T20:01:35","guid":{"rendered":"https:\/\/corrientesdetarde.com\/?p=153359"},"modified":"2024-07-17T17:01:36","modified_gmt":"2024-07-17T20:01:36","slug":"para-limar-asperezas-milei-recibe-a-lacalle-pou-en-una-conferencia-sobre-antiterrorismo","status":"publish","type":"post","link":"https:\/\/corrientesdetarde.com\/index.php\/politica\/para-limar-asperezas-milei-recibe-a-lacalle-pou-en-una-conferencia-sobre-antiterrorismo\/","title":{"rendered":"Para limar asperezas, Milei recibe a Lacalle Pou en una conferencia sobre antiterrorismo"},"content":{"rendered":"\n<p>Tras meses distanciados, el encuentro con el presidente uruguayo se realizar\u00e1 hoy en Casa Rosada a las 16. Tambi\u00e9n habr\u00e1 otra cumbre con el mandatario de Paraguay, Santiago Pe\u00f1a.<\/p>\n\n\n\n<p>El presidente Javier Milei participar\u00e1 ma\u00f1ana del cierre de una conferencia internacional sobre seguridad y antiterrorismo, organizada por el Congreso Jud\u00edo Mundial y el Congreso Jud\u00edo Latinoamericano, donde coincidir\u00e1 con sus pares de Uruguay, Luis Lacalle Pou, y de Paraguay, Santiago Pe\u00f1a.<\/p>\n\n\n\n<p>Hasta este martes a la noche el mandatario argentino no ten\u00eda confirmada oficialmente una reuni\u00f3n bilateral con Lacalle Pou o Pe\u00f1a en el marco de sus visitas a Buenos Aires, pero medios uruguayos consignaron que habr\u00e1 un encuentro de los dos presidentes en Casa Rosada a las 16. Tambi\u00e9n habr\u00eda otra con el paraguayo.<\/p>\n\n\n\n<p>Luego, el encuentro internacional se realizar\u00e1 a las 18 en un hotel del barrio porte\u00f1o de Puerto Madero, con la participaci\u00f3n tambi\u00e9n de D\u00e9bora Lipsdtadt, enviada del presidente de Estados Unidos, Joe Biden, y Katharina von Schnurbein, comisionada de combate contra el antisemitismo de la Uni\u00f3n Europea (UE).<\/p>\n\n\n\n<p>La cumbre, que reunir\u00e1 a m\u00e1s de 300 l\u00edderes de diversos pa\u00edses, tiene el objetivo de &#8220;mostrar un inquebrantable compromiso con la lucha contra el terrorismo y el antisemitismo&#8221;.<\/p>\n\n\n\n<p>Incluir\u00e1 un Foro de Seguridad, organizado en coordinaci\u00f3n con el Ministerio de Seguridad y que ser\u00e1 moderado por su titular, Patricia Bullrich; y otro de parlamentarios, coordinado junto al presidente de la C\u00e1mara de Diputados, Mart\u00edn Menem, &#8220;para discutir la actual agenda de seguridad internacional&#8221;.<\/p>\n\n\n\n<p>Adem\u00e1s, habr\u00e1 una Reuni\u00f3n Internacional de Enviados Especiales y Coordinadores de Combate del Antisemitismo, de la que participar\u00e1 la canciller Diana Mondino.<\/p>\n\n\n\n<p>Seg\u00fan los organizadores, la mayor\u00eda de los participantes de este evento acudir\u00e1n al d\u00eda siguiente a la ceremonia de conmemoraci\u00f3n por los 30 a\u00f1os del atentado contra la AMIA, que -como cada a\u00f1o- se har\u00e1 desde las 9.53 de la ma\u00f1ana, hora exacta en la que se produjo el ataque en 1994.<\/p>\n\n\n\n<p>Milei coincidir\u00e1 con dos de sus colegas del Mercosur, luego del malestar que gener\u00f3 en el resto de los presidentes su ausencia en la reciente cumbre del bloque en Asunci\u00f3n, motivada por las diferencias ideol\u00f3gicas con el mandatario brasile\u00f1o, Luis In\u00e1cio &#8220;Lula&#8221; Da Silva.&nbsp;<\/p>\n","protected":false},"excerpt":{"rendered":"<p>Tras meses distanciados, el encuentro con el presidente uruguayo se realizar\u00e1 hoy en Casa Rosada a las 16. Tambi\u00e9n habr\u00e1 otra cumbre con el mandatario de Paraguay, Santiago Pe\u00f1a. El&hellip; <\/p>\n","protected":false},"author":3,"featured_media":153366,"comment_status":"closed","ping_status":"open","sticky":false,"template":"","format":"standard","meta":{"footnotes":""},"categories":[3],"tags":[],"class_list":["post-153359","post","type-post","status-publish","format-standard","has-post-thumbnail","hentry","category-politica"],"_links":{"self":[{"href":"https:\/\/corrientesdetarde.com\/index.php\/wp-json\/wp\/v2\/posts\/153359","targetHints":{"allow":["GET"]}}],"collection":[{"href":"https:\/\/corrientesdetarde.com\/index.php\/wp-json\/wp\/v2\/posts"}],"about":[{"href":"https:\/\/corrientesdetarde.com\/index.php\/wp-json\/wp\/v2\/types\/post"}],"author":[{"embeddable":true,"href":"https:\/\/corrientesdetarde.com\/index.php\/wp-json\/wp\/v2\/users\/3"}],"replies":[{"embeddable":true,"href":"https:\/\/corrientesdetarde.com\/index.php\/wp-json\/wp\/v2\/comments?post=153359"}],"version-history":[{"count":1,"href":"https:\/\/corrientesdetarde.com\/index.php\/wp-json\/wp\/v2\/posts\/153359\/revisions"}],"predecessor-version":[{"id":153381,"href":"https:\/\/corrientesdetarde.com\/index.php\/wp-json\/wp\/v2\/posts\/153359\/revisions\/153381"}],"wp:featuredmedia":[{"embeddable":true,"href":"https:\/\/corrientesdetarde.com\/index.php\/wp-json\/wp\/v2\/media\/153366"}],"wp:attachment":[{"href":"https:\/\/corrientesdetarde.com\/index.php\/wp-json\/wp\/v2\/media?parent=153359"}],"wp:term":[{"taxonomy":"category","embeddable":true,"href":"https:\/\/corrientesdetarde.com\/index.php\/wp-json\/wp\/v2\/categories?post=153359"},{"taxonomy":"post_tag","embeddable":true,"href":"https:\/\/corrientesdetarde.com\/index.php\/wp-json\/wp\/v2\/tags?post=153359"}],"curies":[{"name":"wp","href":"https:\/\/api.w.org\/{rel}","templated":true}]}}