{"id":153399,"date":"2024-07-17T20:34:29","date_gmt":"2024-07-17T23:34:29","guid":{"rendered":"https:\/\/corrientesdetarde.com\/?p=153399"},"modified":"2024-07-17T20:34:33","modified_gmt":"2024-07-17T23:34:33","slug":"ola-de-rumores-sobre-un-grave-problema-de-salud-de-xi-jinping","status":"publish","type":"post","link":"https:\/\/corrientesdetarde.com\/index.php\/internacionales\/ola-de-rumores-sobre-un-grave-problema-de-salud-de-xi-jinping\/","title":{"rendered":"Ola de rumores sobre un grave problema de salud de Xi Jinping"},"content":{"rendered":"\n<p>La informaci\u00f3n sobre un ACV sufrido por el primer ministro chino inundaba las redes sociales y era desmentida por medios de la potencia asi\u00e1tica.<\/p>\n\n\n\n<p>Una ola de rumores refer\u00eda a un grave problema de salud del presidente chino, Xi Jinping, aunque medios de ese pa\u00eds por el momento los desment\u00edan.<\/p>\n\n\n\n<p><strong>Los rumores indicaban que el l\u00edder chino habr\u00eda sufrido un derrame cerebral durante las reuniones del \u201cTercer Pleno del PCC (Partido Comunista Chino)\u201d.&nbsp;<\/strong><\/p>\n\n\n\n<p>La versi\u00f3n comenz\u00f3 a circular a trav\u00e9s de un blog de Youtube dirigido por la disidente Jennifer Zeng, qui\u00e9n anteriormente hab\u00eda divulgado informaciones falsas sobre el mandatario. Sin embargo, distintas fuentes confirmaron que Xi Jinping se encuentra bien de salud y que solo sufri\u00f3 un tropiezo.<\/p>\n\n\n\n<p><strong>Esta no es la primera vez que surgen rumores respecto a la salud del presidente chino, Xi Jinping.<\/strong><\/p>\n\n\n\n<p>A trav\u00e9s de las redes sociales y de los medios chinos y rusos, se especulaba en las \u00faltimas horas sobre un posible ACV que padecer\u00eda el mandatario.<\/p>\n\n\n\n<p>Todo comenz\u00f3 cuando en un canal de Youtube perteneciente a Jennifer Zeng, una reconocida activista por los derechos humanos, brind\u00f3 informaci\u00f3n sobre el estado de salud del mandatario chino.<\/p>\n\n\n\n<p>&nbsp;Zeng ya hab\u00eda divulgado anteriormente sobre un supuesto golpe de Estado y anunci\u00f3 el arresto del presidente chino.<\/p>\n","protected":false},"excerpt":{"rendered":"<p>La informaci\u00f3n sobre un ACV sufrido por el primer ministro chino inundaba las redes sociales y era desmentida por medios de la potencia asi\u00e1tica. Una ola de rumores refer\u00eda a&hellip; <\/p>\n","protected":false},"author":4,"featured_media":153400,"comment_status":"closed","ping_status":"open","sticky":false,"template":"","format":"standard","meta":{"footnotes":""},"categories":[11],"tags":[],"class_list":["post-153399","post","type-post","status-publish","format-standard","has-post-thumbnail","hentry","category-internacionales"],"_links":{"self":[{"href":"https:\/\/corrientesdetarde.com\/index.php\/wp-json\/wp\/v2\/posts\/153399","targetHints":{"allow":["GET"]}}],"collection":[{"href":"https:\/\/corrientesdetarde.com\/index.php\/wp-json\/wp\/v2\/posts"}],"about":[{"href":"https:\/\/corrientesdetarde.com\/index.php\/wp-json\/wp\/v2\/types\/post"}],"author":[{"embeddable":true,"href":"https:\/\/corrientesdetarde.com\/index.php\/wp-json\/wp\/v2\/users\/4"}],"replies":[{"embeddable":true,"href":"https:\/\/corrientesdetarde.com\/index.php\/wp-json\/wp\/v2\/comments?post=153399"}],"version-history":[{"count":1,"href":"https:\/\/corrientesdetarde.com\/index.php\/wp-json\/wp\/v2\/posts\/153399\/revisions"}],"predecessor-version":[{"id":153401,"href":"https:\/\/corrientesdetarde.com\/index.php\/wp-json\/wp\/v2\/posts\/153399\/revisions\/153401"}],"wp:featuredmedia":[{"embeddable":true,"href":"https:\/\/corrientesdetarde.com\/index.php\/wp-json\/wp\/v2\/media\/153400"}],"wp:attachment":[{"href":"https:\/\/corrientesdetarde.com\/index.php\/wp-json\/wp\/v2\/media?parent=153399"}],"wp:term":[{"taxonomy":"category","embeddable":true,"href":"https:\/\/corrientesdetarde.com\/index.php\/wp-json\/wp\/v2\/categories?post=153399"},{"taxonomy":"post_tag","embeddable":true,"href":"https:\/\/corrientesdetarde.com\/index.php\/wp-json\/wp\/v2\/tags?post=153399"}],"curies":[{"name":"wp","href":"https:\/\/api.w.org\/{rel}","templated":true}]}}