{"id":153405,"date":"2024-07-17T21:01:41","date_gmt":"2024-07-18T00:01:41","guid":{"rendered":"https:\/\/corrientesdetarde.com\/?p=153405"},"modified":"2024-07-17T21:01:50","modified_gmt":"2024-07-18T00:01:50","slug":"caso-loanquienes-son-los-proximos-a-declarar","status":"publish","type":"post","link":"https:\/\/corrientesdetarde.com\/index.php\/actualidad\/caso-loanquienes-son-los-proximos-a-declarar\/","title":{"rendered":"Caso Loan:\u00bfQui\u00e9nes son los pr\u00f3ximos a declarar?"},"content":{"rendered":"\n<p>La indagatoria de Laudelina se adelant\u00f3 para el martes por la noche tras la audiencia virtual de imputaciones.<\/p>\n\n\n\n<p>Este martes por la noche se adelant\u00f3 la indagatoria de Laudelina, la t\u00eda de\u00a0Loan, y de esta manera la jueza Cristina Penzo determin\u00f3 modificar ciertas fechas de las pr\u00f3ximas declaraciones. En este sentido<strong>, este mi\u00e9rcoles dar\u00e1n testimonio Daniel &#8220;Fierrito&#8221; Ram\u00edrez y Antonio Ben\u00edtez.<\/strong><\/p>\n\n\n\n<p>Seg\u00fan pudo saber&nbsp;<em>Noticias Argentinas<\/em>,&nbsp;<strong>este mi\u00e9rcoles a las 11.00 los dos imputados por el delito de sustracci\u00f3n de menores declarar\u00e1n frente a la jueza de manera presencial.<\/strong><\/p>\n\n\n\n<p>Para la Justicia tanto Ram\u00edrez, como Ben\u00edtez,&nbsp;<strong>colaboraron para que Mar\u00eda Victoria Caillava y Carlos P\u00e9rez logren captar a Loan y trasladarlo a un destino desconocido.<\/strong><\/p>\n\n\n\n<p>De esta manera,&nbsp;<strong>Penzo solicit\u00f3 que sus indagatorias se adelanten para este mi\u00e9rcoles<\/strong>, ya que sus fechas estaban previstas para el pr\u00f3ximo lunes 22 de julio, junto con M\u00f3nica Millapi.<\/p>\n\n\n\n<p>Con respecto a los dem\u00e1s acusados,&nbsp;<strong>este jueves declara el matrimonio detenido y el viernes 19 le tocar\u00e1 al ex comisario de 9 de Julio, Walter Maciel.<\/strong><\/p>\n\n\n\n<h4 class=\"wp-block-heading\">Despacho de imputaciones<\/h4>\n\n\n\n<p>La jueza Penzo dictamin\u00f3 que&nbsp;los siete acusados son&nbsp;<strong>coautores&nbsp;<\/strong>penalmente responsables &#8220;prima facie&#8221; en orden al presunto delito de&nbsp;<strong>sustracci\u00f3n de un menor de 10 a\u00f1os<\/strong>&nbsp;del poder de sus padres, tutor o persona encargada de \u00e9l, y el que lo retuviese u ocultare.<\/p>\n\n\n\n<p>El documento se\u00f1ala adem\u00e1s que, esa sustracci\u00f3n y ocultamiento,<strong>&nbsp;no excluye la existencia de otros posibles delitos de los que el ni\u00f1o pudiera haber sido v\u00edctima en el lugar de los hech<\/strong>os.<\/p>\n","protected":false},"excerpt":{"rendered":"<p>La indagatoria de Laudelina se adelant\u00f3 para el martes por la noche tras la audiencia virtual de imputaciones. Este martes por la noche se adelant\u00f3 la indagatoria de Laudelina, la&hellip; <\/p>\n","protected":false},"author":4,"featured_media":153406,"comment_status":"closed","ping_status":"open","sticky":false,"template":"","format":"standard","meta":{"footnotes":""},"categories":[23],"tags":[],"class_list":["post-153405","post","type-post","status-publish","format-standard","has-post-thumbnail","hentry","category-actualidad"],"_links":{"self":[{"href":"https:\/\/corrientesdetarde.com\/index.php\/wp-json\/wp\/v2\/posts\/153405","targetHints":{"allow":["GET"]}}],"collection":[{"href":"https:\/\/corrientesdetarde.com\/index.php\/wp-json\/wp\/v2\/posts"}],"about":[{"href":"https:\/\/corrientesdetarde.com\/index.php\/wp-json\/wp\/v2\/types\/post"}],"author":[{"embeddable":true,"href":"https:\/\/corrientesdetarde.com\/index.php\/wp-json\/wp\/v2\/users\/4"}],"replies":[{"embeddable":true,"href":"https:\/\/corrientesdetarde.com\/index.php\/wp-json\/wp\/v2\/comments?post=153405"}],"version-history":[{"count":2,"href":"https:\/\/corrientesdetarde.com\/index.php\/wp-json\/wp\/v2\/posts\/153405\/revisions"}],"predecessor-version":[{"id":153408,"href":"https:\/\/corrientesdetarde.com\/index.php\/wp-json\/wp\/v2\/posts\/153405\/revisions\/153408"}],"wp:featuredmedia":[{"embeddable":true,"href":"https:\/\/corrientesdetarde.com\/index.php\/wp-json\/wp\/v2\/media\/153406"}],"wp:attachment":[{"href":"https:\/\/corrientesdetarde.com\/index.php\/wp-json\/wp\/v2\/media?parent=153405"}],"wp:term":[{"taxonomy":"category","embeddable":true,"href":"https:\/\/corrientesdetarde.com\/index.php\/wp-json\/wp\/v2\/categories?post=153405"},{"taxonomy":"post_tag","embeddable":true,"href":"https:\/\/corrientesdetarde.com\/index.php\/wp-json\/wp\/v2\/tags?post=153405"}],"curies":[{"name":"wp","href":"https:\/\/api.w.org\/{rel}","templated":true}]}}