{"id":153439,"date":"2024-07-17T23:58:42","date_gmt":"2024-07-18T02:58:42","guid":{"rendered":"https:\/\/corrientesdetarde.com\/?p=153439"},"modified":"2024-07-17T23:58:47","modified_gmt":"2024-07-18T02:58:47","slug":"el-gobierno-echo-al-subsecretario-de-deportes-por-decir-que-messi-tenia-que-pedir-disculpas","status":"publish","type":"post","link":"https:\/\/corrientesdetarde.com\/index.php\/politica\/el-gobierno-echo-al-subsecretario-de-deportes-por-decir-que-messi-tenia-que-pedir-disculpas\/","title":{"rendered":"El Gobierno ech\u00f3 al subsecretario de Deportes por decir que Messi ten\u00eda que pedir disculpas"},"content":{"rendered":"\n<p>&#8220;Ning\u00fan gobierno puede decirle qu\u00e9 comentar, qu\u00e9 pensar o qu\u00e9 hacer a la Selecci\u00f3n Argentina Campeona del Mundo y Bicampeona de Am\u00e9rica, ni a ning\u00fan otro ciudadano&#8221;, afirm\u00f3 el Ejecutivo en un comunicado oficial.<\/p>\n\n\n\n<p>El Gobierno, a trav\u00e9s de la Oficina del Presidente, anunci\u00f3 que Julio Garro, subsecretario de Deportes, fue eyectado de su cargo por decir que Lionel Messi ten\u00eda que pedir disculpas por la pol\u00e9mica que se gener\u00f3 con Francia, a ra\u00edz del video en el que el plantel de la selecci\u00f3n argentina est\u00e1 celebrando una canci\u00f3n con contenido racista durante los festejos por la obtenci\u00f3n de la Copa Am\u00e9rica.&#8221;La Oficina del Presidente informa que ning\u00fan gobierno puede decirle qu\u00e9 comentar, qu\u00e9 pensar o qu\u00e9 hacer a la Selecci\u00f3n Argentina Campeona del Mundo y Bicampeona de Am\u00e9rica, ni a ning\u00fan otro ciudadano. Por esta raz\u00f3n, Julio Garro deja de ser Subsecretario de Deportes de la Naci\u00f3n&#8221;, informaron en la cuenta oficial de X.<\/p>\n\n\n\n<p>Garro qued\u00f3 envuelto en la controversia durante una entrevista que brind\u00f3 a primera hora de este mi\u00e9rcoles 17 de julio en radio Urbana Play. All\u00ed fue consultado por la situaci\u00f3n, luego de una introducci\u00f3n en la que la periodista Mar\u00eda O\u2019Donnell critic\u00f3 la actitud de los jugadores argentinos. El funcionario nacional opin\u00f3 en el mismo sentido: &#8220;Creo que el capit\u00e1n de la Selecci\u00f3n (en referencia a Lionel Messi) debe salir a pedir las disculpas de ese caso, lo mismo que el presidente de la AFA. Creo que corresponde y coincido con vos, es algo que nos deja como pa\u00eds mal parados con tanta gloria y ser\u00eda bueno llevar esto a algo ejemplificativo&#8221;, sostuvo Garro.<br><\/p>\n\n\n\n<figure class=\"wp-block-image\"><img decoding=\"async\" src=\"https:\/\/www.diarioepoca.com\/content\/bucket\/0\/1374050w790h790c.jpg.webp\" alt=\"\"\/><\/figure>\n\n\n\n<p>Sus palabras, sin embargo, estuvieron planteadas en el sentido contrario a la opini\u00f3n dominante en el entorno partidario al presidente Javier Milei, que r\u00e1pidamente busc\u00f3 relativizar la pol\u00e9mica se\u00f1alando que se trat\u00f3 s\u00f3lo de un c\u00e1ntico de hinchada. Al advertir eso, Garro se esforz\u00f3 por aclarar que su intenci\u00f3n nunca hab\u00eda sido exigirle una disculpa p\u00fablica al capit\u00e1n del seleccionado que dirige Lionel Scaloni. All\u00ed, no obstante, lo cruz\u00f3 uno de los referentes de La Libertad Avanza en las redes sociales: Daniel Parissini, conocido en el mundo virtual como El Gordo Dan, le marc\u00f3 a Garro su contradicci\u00f3n. &#8220;Lo dijiste al aire bro&#8221;, escribi\u00f3 frente al intento de aclaraci\u00f3n del ex intendente de La Plata.<\/p>\n\n\n\n<p>El malestar con el ahora ex subsecretario de Deportes de la Naci\u00f3n mostr\u00f3 otro pico cuando nada menos que el presidente Javier Milei lo expuso en X. Fue al replicar el mensaje de otro usuario que ped\u00eda la salida de Garro. &#8220;Todos sabemos lo que el javo ama y banca a Messi incluso desde que era totalmente criticado\u2026 Decir que Messi tiene que PEDIR DISCULPAS a unos europeos colonizadores por una canci\u00f3n que encima dice la verdad, es ir TOTALMENTE EN CONTRA de la ideolog\u00eda del javo. GARRO TIENE QUE ESTAR AFUERA YA MISMO&#8221;, se\u00f1al\u00f3 el usuario @elpittttt. El jefe de Estado ampli\u00f3 su mensaje.<\/p>\n","protected":false},"excerpt":{"rendered":"<p>&#8220;Ning\u00fan gobierno puede decirle qu\u00e9 comentar, qu\u00e9 pensar o qu\u00e9 hacer a la Selecci\u00f3n Argentina Campeona del Mundo y Bicampeona de Am\u00e9rica, ni a ning\u00fan otro ciudadano&#8221;, afirm\u00f3 el Ejecutivo&hellip; <\/p>\n","protected":false},"author":4,"featured_media":153471,"comment_status":"closed","ping_status":"open","sticky":false,"template":"","format":"standard","meta":{"footnotes":""},"categories":[3],"tags":[],"class_list":["post-153439","post","type-post","status-publish","format-standard","has-post-thumbnail","hentry","category-politica"],"_links":{"self":[{"href":"https:\/\/corrientesdetarde.com\/index.php\/wp-json\/wp\/v2\/posts\/153439","targetHints":{"allow":["GET"]}}],"collection":[{"href":"https:\/\/corrientesdetarde.com\/index.php\/wp-json\/wp\/v2\/posts"}],"about":[{"href":"https:\/\/corrientesdetarde.com\/index.php\/wp-json\/wp\/v2\/types\/post"}],"author":[{"embeddable":true,"href":"https:\/\/corrientesdetarde.com\/index.php\/wp-json\/wp\/v2\/users\/4"}],"replies":[{"embeddable":true,"href":"https:\/\/corrientesdetarde.com\/index.php\/wp-json\/wp\/v2\/comments?post=153439"}],"version-history":[{"count":1,"href":"https:\/\/corrientesdetarde.com\/index.php\/wp-json\/wp\/v2\/posts\/153439\/revisions"}],"predecessor-version":[{"id":153472,"href":"https:\/\/corrientesdetarde.com\/index.php\/wp-json\/wp\/v2\/posts\/153439\/revisions\/153472"}],"wp:featuredmedia":[{"embeddable":true,"href":"https:\/\/corrientesdetarde.com\/index.php\/wp-json\/wp\/v2\/media\/153471"}],"wp:attachment":[{"href":"https:\/\/corrientesdetarde.com\/index.php\/wp-json\/wp\/v2\/media?parent=153439"}],"wp:term":[{"taxonomy":"category","embeddable":true,"href":"https:\/\/corrientesdetarde.com\/index.php\/wp-json\/wp\/v2\/categories?post=153439"},{"taxonomy":"post_tag","embeddable":true,"href":"https:\/\/corrientesdetarde.com\/index.php\/wp-json\/wp\/v2\/tags?post=153439"}],"curies":[{"name":"wp","href":"https:\/\/api.w.org\/{rel}","templated":true}]}}