{"id":153550,"date":"2024-07-18T15:00:25","date_gmt":"2024-07-18T18:00:25","guid":{"rendered":"https:\/\/corrientesdetarde.com\/?p=153550"},"modified":"2024-07-18T15:00:37","modified_gmt":"2024-07-18T18:00:37","slug":"niveiro-visito-nande-mac-junto-a-miembros-de-la-comision-que-promueve-la-obra","status":"publish","type":"post","link":"https:\/\/corrientesdetarde.com\/index.php\/informacion-general\/niveiro-visito-nande-mac-junto-a-miembros-de-la-comision-que-promueve-la-obra\/","title":{"rendered":"Niveiro visit\u00f3 \u00d1ande MAC junto a miembros de la comisi\u00f3n que promueve la obra"},"content":{"rendered":"\n<p>El fundador y presidente de la Asociaci\u00f3n de Amigos del Museo de Arte Contempor\u00e1neo de Corrientes, \u00d1ande MAC (Nuestro Museo de Arte Contempor\u00e1neo), Luis Niveiro, visit\u00f3 junto a miembros asociados las obras en desarrollo para la creaci\u00f3n de dicha instituci\u00f3n que emprende el Gobierno de Corrientes sobre San Juan y 9 de Julio de la ciudad de Corrientes. La comitiva, encabezada por el artista pl\u00e1stico, curador y coleccionista, cont\u00f3 con la presencia de la destacada acad\u00e9mica y fundadora del Art College de Toronto, Dot Tuer, con quien Niveiro&nbsp;junto al decano de la Facultad de Artes, Dise\u00f1o y Ciencias de la Cultura de la Universidad Nacional del Nordeste (UNNE), Gabriel Romero, disertar\u00e1 este viernes a las 17 horas en el marco del Congreso Internacional de Artes que abri\u00f3 la alta casa de estudios, en la Bienal Internacional de Esculturas en Resistencia.<\/p>\n\n\n\n<p>La comitiva tambi\u00e9n cont\u00f3 con la presencia del director art\u00edstico del Teatro Juan de Vera, Francisco Benitez;&nbsp;del periodista Facundo Sagardoy, ambos miembros de la comisi\u00f3n directiva de la entidad promotora, y de la ex jueza Silvia Garicoche, autora del texto legislativo que formaliz\u00f3 con fuerza de Ley provincial y Decreto del gobernador Gustavo Vald\u00e9s el nacimiento institucional del \u00d1ande MAC, en la \u00f3rbita del Instituto de Cultura de Corrientes en 2019.<\/p>\n\n\n\n<p>Fueron recibidos&nbsp;por el arquitecto de la empresa Panedile, a cargo de la obra, Claudio De Genaro, quien comparti\u00f3 detalles de las intensas labores emprendidas por el Gobierno provincial&nbsp;para la pronta apertura de la nueva instituci\u00f3n. Durante la visita, los miembros de la comisi\u00f3n pudieron observar en detalle el progreso de las estructuras en construcci\u00f3n.<\/p>\n\n\n\n<p>En la oportunidad, Niveiro expres\u00f3 su entusiasmo por los avances y destac\u00f3 el impacto de las mismas en la comunidad art\u00edstica. Por su parte, Dot Tuer destac\u00f3 la importancia de crear espacios dedicados al arte contempor\u00e1neo y el potencial de \u00d1ande MAC para generar importantes aportes que convertir\u00e1n a la regi\u00f3n en un referente cultural internacional.<\/p>\n\n\n\n<p>Francisco Benitez, en tanto, resalt\u00f3 la colaboraci\u00f3n entre diferentes instituciones culturales para el \u00e9xito del proyecto, y Facundo Sagardoy destac\u00f3 la relevancia de promover el arte y la cultura a trav\u00e9s de iniciativas vinculadas al acervo de \u00d1ande MAC. Por su parte, Garicoche record\u00f3 el proceso legislativo que permiti\u00f3 la creaci\u00f3n oficial del museo dentro del Instituto de Cultura de Corrientes y la importancia del apoyo gubernamental, remarcando las tareas de conservaci\u00f3n que incluyen las obras en desarrollo.<\/p>\n\n\n\n<p><strong>Sobre el Museo de Arte Contempor\u00e1neo de Corrientes<\/strong><\/p>\n\n\n\n<p>El Museo de Arte Contempor\u00e1neo de Corrientes \u00d1ande (Tr. Gu: \u201cNuestro\u201d) MAC, es un museo de arte que integra por Ley y Decreto reglamentario el Instituto de Cultura&nbsp;dependiente del Gobierno de Corrientes desde 2019, creado sobre las bases forjadas por un formidable esfuerzo por el arte y la cultura de la Provincia&nbsp;y del norte argentino encabezado por Niveiro, con cuyo acervo personal, a trav\u00e9s de la &#8220;Colecci\u00f3n Luis Niveiro&#8221;, se dio vida a su acervo fundacional a fines de 2017. \u00d1ande MAC naci\u00f3 institucionalmente el 5 de diciembre de 2019 por Decreto N\u00b0 3583 del gobernador Vald\u00e9s, con el cual el Poder Ejecutivo de Corrientes sell\u00f3 su origen dentro de la estructura org\u00e1nica del Instituto de Cultura de Corrientes que presid\u00eda en ese momento Gabriel Romero.<\/p>\n\n\n\n<p>\u00d1ande MAC fue presentado oficialmente por el Instituto de Cultura a fines de 2017 con un singular acervo constituido en torno a un generosisimo aporte de obras de grandes maestros de artes visuales argentinos, americanos y europeos, algunas de las cuales ya fueron donadas al Estado correntino, y desde entonces, contin\u00faa creciendo.<\/p>\n\n\n\n<p>Hoy, luego de haber recorrido como propuesta abierta desde el afecto al desarrollo federal del arte y de la cultura en el nordeste argentino, con el aporte de numeros\u00edsimos grandes maestros en artes contempor\u00e1neas radicados en toda Am\u00e9rica, Europa, Asia, y el norte de \u00c1frica, y v\u00ednculos s\u00f3lidos con instituciones dedicadas al arte y a la cultura en Argentina y en el exterior del pa\u00eds, el acervo fundacional del Museo de Arte Contempor\u00e1neo de Corrientes re\u00fane m\u00e1s de 500&nbsp;obras de todas las disciplinas del arte.<\/p>\n","protected":false},"excerpt":{"rendered":"<p>El fundador y presidente de la Asociaci\u00f3n de Amigos del Museo de Arte Contempor\u00e1neo de Corrientes, \u00d1ande MAC (Nuestro Museo de Arte Contempor\u00e1neo), Luis Niveiro, visit\u00f3 junto a miembros asociados&hellip; <\/p>\n","protected":false},"author":3,"featured_media":153556,"comment_status":"closed","ping_status":"open","sticky":false,"template":"","format":"standard","meta":{"footnotes":""},"categories":[1],"tags":[],"class_list":["post-153550","post","type-post","status-publish","format-standard","has-post-thumbnail","hentry","category-informacion-general"],"_links":{"self":[{"href":"https:\/\/corrientesdetarde.com\/index.php\/wp-json\/wp\/v2\/posts\/153550","targetHints":{"allow":["GET"]}}],"collection":[{"href":"https:\/\/corrientesdetarde.com\/index.php\/wp-json\/wp\/v2\/posts"}],"about":[{"href":"https:\/\/corrientesdetarde.com\/index.php\/wp-json\/wp\/v2\/types\/post"}],"author":[{"embeddable":true,"href":"https:\/\/corrientesdetarde.com\/index.php\/wp-json\/wp\/v2\/users\/3"}],"replies":[{"embeddable":true,"href":"https:\/\/corrientesdetarde.com\/index.php\/wp-json\/wp\/v2\/comments?post=153550"}],"version-history":[{"count":1,"href":"https:\/\/corrientesdetarde.com\/index.php\/wp-json\/wp\/v2\/posts\/153550\/revisions"}],"predecessor-version":[{"id":153561,"href":"https:\/\/corrientesdetarde.com\/index.php\/wp-json\/wp\/v2\/posts\/153550\/revisions\/153561"}],"wp:featuredmedia":[{"embeddable":true,"href":"https:\/\/corrientesdetarde.com\/index.php\/wp-json\/wp\/v2\/media\/153556"}],"wp:attachment":[{"href":"https:\/\/corrientesdetarde.com\/index.php\/wp-json\/wp\/v2\/media?parent=153550"}],"wp:term":[{"taxonomy":"category","embeddable":true,"href":"https:\/\/corrientesdetarde.com\/index.php\/wp-json\/wp\/v2\/categories?post=153550"},{"taxonomy":"post_tag","embeddable":true,"href":"https:\/\/corrientesdetarde.com\/index.php\/wp-json\/wp\/v2\/tags?post=153550"}],"curies":[{"name":"wp","href":"https:\/\/api.w.org\/{rel}","templated":true}]}}