{"id":153551,"date":"2024-07-18T15:00:27","date_gmt":"2024-07-18T18:00:27","guid":{"rendered":"https:\/\/corrientesdetarde.com\/?p=153551"},"modified":"2024-07-18T15:00:28","modified_gmt":"2024-07-18T18:00:28","slug":"salud-publica-asistio-a-mas-de-900-personas-en-la-peregrinacion-a-itati","status":"publish","type":"post","link":"https:\/\/corrientesdetarde.com\/index.php\/bienestar-y-salud\/salud-publica-asistio-a-mas-de-900-personas-en-la-peregrinacion-a-itati\/","title":{"rendered":"Salud P\u00fablica asisti\u00f3 a m\u00e1s de 900 personas en la peregrinaci\u00f3n a Itat\u00ed"},"content":{"rendered":"\n<p><em>Con consultorios m\u00f3viles y ambulancias, la cartera sanitaria acompa\u00f1\u00f3 a los fieles. En seis d\u00edas de cobertura atendieron a personas por problemas respiratorios, gastrointestinales y traumatismos.<\/em><\/p>\n\n\n\n<p>El Ministerio de Salud P\u00fablica de la Provincia, por indicaci\u00f3n de Ricardo Cardozo, dispuso un operativo sanitario que se llev\u00f3 adelante desde este s\u00e1bado&nbsp;hasta este&nbsp;jueves. El dispositivo de salud, estuvo abocado a la cobertura de la peregrinaci\u00f3n a Itat\u00ed.<\/p>\n\n\n\n<p>El personal acompa\u00f1\u00f3 durante la caminata y cabalgata, se instalaron consultorios m\u00f3viles y junto a los hospitales locales se colocaron ambulancias en diferentes puntos del trayecto. Adem\u00e1s, se sum\u00f3 la Direcci\u00f3n de Emergencia Sanitaria (DES) 107, quien ubic\u00f3 ambulancias y profesionales m\u00e9dicos para reforzar la atenci\u00f3n.<\/p>\n\n\n\n<p>&#8220;Atendimos a personas por problemas gastrointestinales, por consumir alimentos que no ten\u00edan una adecuada cadena de fr\u00edo&#8221;, dijo al cierre de la cobertura sanitaria, el director de Operativos Sanitarios,&nbsp;Eduardo Farizano.<\/p>\n\n\n\n<p>Adem\u00e1s, agreg\u00f3 que &#8220;tambi\u00e9n vimos problemas respiratorios, colocamos alrededor de 100 inyectables por estas situaciones&#8221;. Las personas m\u00e1s afectadas en este caso, fueron &#8220;los adultos mayores y ni\u00f1os&#8221;.<\/p>\n\n\n\n<p>&#8220;Tuvimos tambi\u00e9n atenciones por traumatismo debido a la ca\u00edda de los caballos&#8221;, continu\u00f3.<\/p>\n\n\n\n<p><strong>Cobertura<\/strong><\/p>\n\n\n\n<p>Para este operativo sanitario se pusieron a disposici\u00f3n consultorios m\u00f3viles y ambulancias de los&nbsp;Hospitales de San Luis del Palmar, Santa Ana, Paso de la Patria, Itat\u00ed y del Hospital de cabecera de San Cosme, adem\u00e1s de los Centros de Salud de Ingenio Primer Correntino y Ramada Paso, donde hubo ambulancias de la DES, personal m\u00e9dico y enfermer\u00eda de refuerzo.<\/p>\n\n\n\n<p>La DES dispuso una ambulancia desde el d\u00eda s\u00e1bado en el puesto policial hacia Paso de la Patria. El m\u00f3vil del nosocomio de San Ana se coloc\u00f3 en una estaci\u00f3n de servicio a 6 kil\u00f3metros de Boquer\u00f3n.<\/p>\n\n\n\n<p>En Boquer\u00f3n, una ambulancia de Paso de la Patria. A esto se sum\u00f3 consultorio m\u00e9dico de la Direcci\u00f3n de Operativos Sanitarios.<\/p>\n\n\n\n<p>El director de Operativos Sanitarios, Eduardo Farizano, dijo que fue un &#8220;amplio despliegue de m\u00f3viles y de personal&#8221;. Hubo sobre ruta m\u00e1s de 50 profesionales de la salud y, sumado a esto, unas 100 m\u00e1s de los distintos hospitales.<\/p>\n\n\n\n<p>Adem\u00e1s, se acompa\u00f1\u00f3 a los peregrinos que fueron de la zona norte de la Provincia y que comenzaron d\u00edas antes la peregrinaci\u00f3n. Ellos son de Ca\u00e1 Cat\u00ed, Ber\u00f3n de Astrada y de It\u00e1 Ibat\u00e9, quienes estuvieron acompa\u00f1ados por ambulancias de sus respectivos lugares.<\/p>\n\n\n\n<p>Realizaron traslados al Hospital de Itat\u00ed, otros en menor cantidad a San Cosme y Capital. Hicieron curaciones y colocaron inyectables, y atenciones por fracturas y traumatismos diversos.<\/p>\n\n\n\n<p>&#8220;As\u00ed como en otros a\u00f1os, fue un dispositivo intenso e importante, integrado por equipos de param\u00e9dicos, kinesi\u00f3logos, enfermeros y ambulancieros, entre otros. Las cuestiones que se presentan, las que podemos la resolvemos en el lugar y las que no, trasladamos al Hospital de Itat\u00ed y si&nbsp;es m\u00e1s serio se los lleva a Capital&#8221;, explic\u00f3 Farizano.<\/p>\n","protected":false},"excerpt":{"rendered":"<p>Con consultorios m\u00f3viles y ambulancias, la cartera sanitaria acompa\u00f1\u00f3 a los fieles. En seis d\u00edas de cobertura atendieron a personas por problemas respiratorios, gastrointestinales y traumatismos. El Ministerio de Salud&hellip; <\/p>\n","protected":false},"author":3,"featured_media":153555,"comment_status":"closed","ping_status":"open","sticky":false,"template":"","format":"standard","meta":{"footnotes":""},"categories":[16],"tags":[],"class_list":["post-153551","post","type-post","status-publish","format-standard","has-post-thumbnail","hentry","category-bienestar-y-salud"],"_links":{"self":[{"href":"https:\/\/corrientesdetarde.com\/index.php\/wp-json\/wp\/v2\/posts\/153551","targetHints":{"allow":["GET"]}}],"collection":[{"href":"https:\/\/corrientesdetarde.com\/index.php\/wp-json\/wp\/v2\/posts"}],"about":[{"href":"https:\/\/corrientesdetarde.com\/index.php\/wp-json\/wp\/v2\/types\/post"}],"author":[{"embeddable":true,"href":"https:\/\/corrientesdetarde.com\/index.php\/wp-json\/wp\/v2\/users\/3"}],"replies":[{"embeddable":true,"href":"https:\/\/corrientesdetarde.com\/index.php\/wp-json\/wp\/v2\/comments?post=153551"}],"version-history":[{"count":1,"href":"https:\/\/corrientesdetarde.com\/index.php\/wp-json\/wp\/v2\/posts\/153551\/revisions"}],"predecessor-version":[{"id":153557,"href":"https:\/\/corrientesdetarde.com\/index.php\/wp-json\/wp\/v2\/posts\/153551\/revisions\/153557"}],"wp:featuredmedia":[{"embeddable":true,"href":"https:\/\/corrientesdetarde.com\/index.php\/wp-json\/wp\/v2\/media\/153555"}],"wp:attachment":[{"href":"https:\/\/corrientesdetarde.com\/index.php\/wp-json\/wp\/v2\/media?parent=153551"}],"wp:term":[{"taxonomy":"category","embeddable":true,"href":"https:\/\/corrientesdetarde.com\/index.php\/wp-json\/wp\/v2\/categories?post=153551"},{"taxonomy":"post_tag","embeddable":true,"href":"https:\/\/corrientesdetarde.com\/index.php\/wp-json\/wp\/v2\/tags?post=153551"}],"curies":[{"name":"wp","href":"https:\/\/api.w.org\/{rel}","templated":true}]}}