{"id":153610,"date":"2024-07-18T22:55:08","date_gmt":"2024-07-19T01:55:08","guid":{"rendered":"https:\/\/corrientesdetarde.com\/?p=153610"},"modified":"2024-07-18T22:55:20","modified_gmt":"2024-07-19T01:55:20","slug":"reunion-de-urgencia-de-karina-milei-con-la-embajada-de-francia-por-los-dichos-de-villarruel","status":"publish","type":"post","link":"https:\/\/corrientesdetarde.com\/index.php\/politica\/reunion-de-urgencia-de-karina-milei-con-la-embajada-de-francia-por-los-dichos-de-villarruel\/","title":{"rendered":"Reuni\u00f3n de urgencia de Karina Milei con la embajada de Francia por los dichos de Villarruel"},"content":{"rendered":"\n<p>La secretaria general de la Presidencia se despeg\u00f3 de lo expresado por la vicepresidenta.<\/p>\n\n\n\n<p>La secretaria General de la Presidencia,&nbsp;<strong>Karina Milei<\/strong>, fue recibida en la &nbsp;General de la Presidencia,&nbsp;<br>Karina Milei, fue recibida en la&nbsp;<strong>Embajada&nbsp;<\/strong><br><strong>de Francia,&nbsp;<\/strong>en un intento por encauzar la&nbsp;<br>relaci\u00f3n, luego de que la vicepresidenta&nbsp;<br><strong>Victoria Villarruel<\/strong>&nbsp;tildara de &#8220;colonialista&#8221;&nbsp;<br>al pa\u00eds europeo.<\/p>\n\n\n\n<p>El conflicto se gener\u00f3 luego de que la&nbsp;<br>titular del Senado publicara un pol\u00e9mico&nbsp;<br>mensaje en defensa de&nbsp;<strong>los dirigidos de Lionel&nbsp;<\/strong><br><strong>Scaloni acusados de racistas<\/strong>&nbsp;por corear una&nbsp;<br>canci\u00f3n contra los jugadores franceses que&nbsp;<br>hizo publica el volante Enzo Fern\u00e1ndez tras&nbsp;<br>ganar el torneo del continente.<\/p>\n\n\n\n<p>Seg\u00fan revelaron altas fuentes de la&nbsp;<br>administraci\u00f3n libertaria en di\u00e1logo con la&nbsp;<br><em><strong>agencia Noticias Argentinas<\/strong><\/em>, la hermana y mano&nbsp;<br>derecha del presidente Javier Milei&nbsp;<strong>logr\u00f3&nbsp;<\/strong><br><strong>&#8220;desactivar&#8221; el conflicto&nbsp;<\/strong>tras reunirse con el&nbsp;<br>embajador Romain Nadal durante m\u00e1s de media&nbsp;<br>hora.<\/p>\n\n\n\n<p>A ra\u00edz de la urgencia, la canciller&nbsp;<strong>Diana&nbsp;<\/strong><br><strong>Mondino no estuvo presente&nbsp;<\/strong>en el intercambio&nbsp;<br>que culmin\u00f3 en buenos t\u00e9rminos, y por la&nbsp;<br>magnitud de los acontecimientos en Gobierno&nbsp;<br>creen que ameritaba la presencia de la menor&nbsp;<br>de los Milei.<\/p>\n\n\n\n<p>&#8220;La Argentina es un pa\u00eds soberano y libre.&nbsp;<br><strong>Nunca tuvimos colonias<\/strong>&nbsp;ni ciudadanos de&nbsp;<br>segunda. Nunca le impusimos a nadie nuestra&nbsp;<br>forma de vida. Pero tampoco vamos a tolerar&nbsp;<br>que lo hagan con nosotros. Argentina se hizo&nbsp;<br>con el sudor y el coraje de los indios, los&nbsp;<br>europeos, los criollos y los negros como&nbsp;<br>Remedios del Valle, el Sargento Cabral y&nbsp;<br>Bernardo de Monteagudo.&nbsp;Ning\u00fan pa\u00eds&nbsp;<br>colonialista nos va a amedrentar por una&nbsp;<br>canci\u00f3n de cancha ni por decir las verdades&nbsp;<br>que no se quieren admitir. Basta de simular&nbsp;<br>indignaci\u00f3n, hip\u00f3critas.<strong>&nbsp;Enzo yo te banco,&nbsp;<\/strong><br><strong>Messi gracias por todo! \u00a1Argentinos siempre&nbsp;<\/strong><br><strong>con la frente alta! \u00a1Viva la Argentinidad&#8221;,<\/strong>&nbsp;<br>fue el mensaje Villarruel desde su cuenta de X&nbsp;<br>que despert\u00f3 la tensi\u00f3n con las autoridades de&nbsp;<br>Francia.<\/p>\n\n\n\n<p>Desde el inicio del gobierno la relaci\u00f3n&nbsp;<br>del Presidente con su Vice se caracteriza por&nbsp;<br>los vaivenes.<\/p>\n\n\n\n<p>El control de da\u00f1os con la Embajada llegan&nbsp;<br>en el momento justo, a&nbsp;<strong>d\u00edas de que Javier&nbsp;<\/strong><br><strong>Milei viaje a Francia a participar de la&nbsp;<\/strong><br><strong>apertura de los Juegos Ol\u00edmpicos.&nbsp;<\/strong><\/p>\n\n\n\n<p>En el marco de la visita que tendr\u00e1 lugar&nbsp;<br>el 25 de julio, el jefe de Estado&nbsp;<br>protagonizar\u00e1 una bilateral con su par de&nbsp;<br>Francia,&nbsp;<strong>Emmanuel Macron.<\/strong><\/p>\n","protected":false},"excerpt":{"rendered":"<p>La secretaria general de la Presidencia se despeg\u00f3 de lo expresado por la vicepresidenta. La secretaria General de la Presidencia,&nbsp;Karina Milei, fue recibida en la &nbsp;General de la Presidencia,&nbsp;Karina Milei,&hellip; <\/p>\n","protected":false},"author":4,"featured_media":153666,"comment_status":"closed","ping_status":"open","sticky":false,"template":"","format":"standard","meta":{"footnotes":""},"categories":[3],"tags":[],"class_list":["post-153610","post","type-post","status-publish","format-standard","has-post-thumbnail","hentry","category-politica"],"_links":{"self":[{"href":"https:\/\/corrientesdetarde.com\/index.php\/wp-json\/wp\/v2\/posts\/153610","targetHints":{"allow":["GET"]}}],"collection":[{"href":"https:\/\/corrientesdetarde.com\/index.php\/wp-json\/wp\/v2\/posts"}],"about":[{"href":"https:\/\/corrientesdetarde.com\/index.php\/wp-json\/wp\/v2\/types\/post"}],"author":[{"embeddable":true,"href":"https:\/\/corrientesdetarde.com\/index.php\/wp-json\/wp\/v2\/users\/4"}],"replies":[{"embeddable":true,"href":"https:\/\/corrientesdetarde.com\/index.php\/wp-json\/wp\/v2\/comments?post=153610"}],"version-history":[{"count":1,"href":"https:\/\/corrientesdetarde.com\/index.php\/wp-json\/wp\/v2\/posts\/153610\/revisions"}],"predecessor-version":[{"id":153667,"href":"https:\/\/corrientesdetarde.com\/index.php\/wp-json\/wp\/v2\/posts\/153610\/revisions\/153667"}],"wp:featuredmedia":[{"embeddable":true,"href":"https:\/\/corrientesdetarde.com\/index.php\/wp-json\/wp\/v2\/media\/153666"}],"wp:attachment":[{"href":"https:\/\/corrientesdetarde.com\/index.php\/wp-json\/wp\/v2\/media?parent=153610"}],"wp:term":[{"taxonomy":"category","embeddable":true,"href":"https:\/\/corrientesdetarde.com\/index.php\/wp-json\/wp\/v2\/categories?post=153610"},{"taxonomy":"post_tag","embeddable":true,"href":"https:\/\/corrientesdetarde.com\/index.php\/wp-json\/wp\/v2\/tags?post=153610"}],"curies":[{"name":"wp","href":"https:\/\/api.w.org\/{rel}","templated":true}]}}