{"id":153669,"date":"2024-07-18T23:02:14","date_gmt":"2024-07-19T02:02:14","guid":{"rendered":"https:\/\/corrientesdetarde.com\/?p=153669"},"modified":"2024-07-18T23:02:25","modified_gmt":"2024-07-19T02:02:25","slug":"lilia-lemoine-dijo-que-la-seleccion-francesa-bien-podria-ser-africana-y-cuestiono-duro-a-garro","status":"publish","type":"post","link":"https:\/\/corrientesdetarde.com\/index.php\/politica\/lilia-lemoine-dijo-que-la-seleccion-francesa-bien-podria-ser-africana-y-cuestiono-duro-a-garro\/","title":{"rendered":"Lilia Lemoine dijo que la Selecci\u00f3n francesa &#8220;bien podr\u00eda ser africana&#8221; y cuestion\u00f3 duro a Garro"},"content":{"rendered":"\n<p>La diputada libertaria asegur\u00f3 que el ex subsecretario de Deportes Julio Garro estuvo a &#8220;punto de sobarle la quena (sic)&#8221; a los franceses.<\/p>\n\n\n\n<p>La diputada Lilia Lemoine asegur\u00f3 que el ex subsecretario de Deportes Julio Garro estuvo a &#8220;<strong>punto de sobarle la quena<\/strong>&nbsp;(sic)&#8221; a los franceses, tras haber pedido que el capit\u00e1n de la Selecci\u00f3n argentina, Lionel Messi, pida disculpas por los c\u00e1nticos racistas.&nbsp;<\/p>\n\n\n\n<p>As\u00ed lo expres\u00f3 la legisladora libertaria en un canal de streaming: \u201cMe parece fant\u00e1stico que lo hayan echado, es un tipo que estaba arrodill\u00e1ndose, se lo ve\u00eda como estaba a apunto de sobarle la quena a alguien\u201d.<\/p>\n\n\n\n<p>\u201cYo no quiero ning\u00fan funcionario en el gobierno que vaya a chuparle nada a ninguna potencia extranjera, vos disc\u00falpate man, disc\u00falpate con Messi, Garro, vos ten\u00e9s tu criterio propio, pero tu criterio supuestamente acompa\u00f1a esa ideolog\u00eda sino por que carajo est\u00e1s ac\u00e1\u201d, agreg\u00f3.&nbsp;<\/p>\n\n\n\n<p>Ayer, Lemoine hab\u00eda realizado un pol\u00e9mico an\u00e1lisis sobre la composici\u00f3n \u00e9tnica de la Selecci\u00f3n francesa en un programa televisivo.&nbsp;<\/p>\n\n\n\n<p>&#8220;Es cierto que la selecci\u00f3n de Francia es \u00edntegramente de color. Si bien hay un enorme n\u00famero de franceses que son de origen africano,&nbsp;<strong>es muy llamativo que un pa\u00eds que es occidental y blanco, actualmente, tenga una selecci\u00f3n de f\u00fatbol que m\u00e1s bien ser\u00eda de un pa\u00eds africano<\/strong>\u201d, lanz\u00f3 Lemoine.<\/p>\n\n\n\n<p>Las palabras de la amiga del presidente Javier Milei fueron horas despu\u00e9s de que el Gobierno echara a&nbsp;<strong>Julio Garro<\/strong>, que hasta ayer fue el subsecretario de Deportes por su declaraciones.&nbsp;<\/p>\n\n\n\n<p>&#8220;Ning\u00fan gobierno puede decirle qu\u00e9 comentar, qu\u00e9 pensar o qu\u00e9 hacer a la Selecci\u00f3n Argentina Campeona del Mundo y Bicampeona de Am\u00e9rica, ni a ning\u00fan otro ciudadano. Por esta raz\u00f3n, Garro deja de ser subsecretario de Deportes de la Naci\u00f3n&#8221;, inform\u00f3 el Ejecutivo a trav\u00e9s de sus redes sociales. &nbsp;&nbsp;<\/p>\n\n\n\n<p>Minutos antes de que se concretara la salida de Garro, la vicepresidenta y titular del Senado,&nbsp;<strong>Victoria Villarruel<\/strong>&nbsp;defendi\u00f3 puntualmente a&nbsp;<strong>Enzo Fern\u00e1ndez<\/strong>, integrante de la Selecci\u00f3n y jugador del Chelsea, que fue repudiado por compa\u00f1eros franceses.&nbsp;<\/p>\n\n\n\n<p>Lo hizo a trav\u00e9s de su cuenta de X: \u201cArgentina es un pa\u00eds soberano y libre. Nunca tuvimos colonias ni ciudadanos de segunda. Nunca le impusimos a nadie nuestra forma de vida. Pero tampoco vamos a tolerar que lo hagan con nosotros\u201d.<\/p>\n\n\n\n<p>\u201cArgentina se hizo con el sudor y el coraje de los indios, los europeos, los criollos y los negros como Remedios del Valle, el Sargento Cabral y Bernardo de Monteagudo. Ning\u00fan pa\u00eds colonialista nos va a amedrentar por una canci\u00f3n de cancha ni por decir las verdades que no se quieren admitir&#8221;, agreg\u00f3. &nbsp;<\/p>\n\n\n\n<p>Para finalizar, la titular del Senado sum\u00f3: &#8220;Basta de simular indignaci\u00f3n, hip\u00f3critas. Enzo yo te banco, Messi gracias por todo! \u00a1Argentinos siempre con la frente alta! \u00a1Viva la Argentinidad!&#8221;.<\/p>\n","protected":false},"excerpt":{"rendered":"<p>La diputada libertaria asegur\u00f3 que el ex subsecretario de Deportes Julio Garro estuvo a &#8220;punto de sobarle la quena (sic)&#8221; a los franceses. La diputada Lilia Lemoine asegur\u00f3 que el&hellip; <\/p>\n","protected":false},"author":4,"featured_media":153670,"comment_status":"closed","ping_status":"open","sticky":false,"template":"","format":"standard","meta":{"footnotes":""},"categories":[3],"tags":[],"class_list":["post-153669","post","type-post","status-publish","format-standard","has-post-thumbnail","hentry","category-politica"],"_links":{"self":[{"href":"https:\/\/corrientesdetarde.com\/index.php\/wp-json\/wp\/v2\/posts\/153669","targetHints":{"allow":["GET"]}}],"collection":[{"href":"https:\/\/corrientesdetarde.com\/index.php\/wp-json\/wp\/v2\/posts"}],"about":[{"href":"https:\/\/corrientesdetarde.com\/index.php\/wp-json\/wp\/v2\/types\/post"}],"author":[{"embeddable":true,"href":"https:\/\/corrientesdetarde.com\/index.php\/wp-json\/wp\/v2\/users\/4"}],"replies":[{"embeddable":true,"href":"https:\/\/corrientesdetarde.com\/index.php\/wp-json\/wp\/v2\/comments?post=153669"}],"version-history":[{"count":1,"href":"https:\/\/corrientesdetarde.com\/index.php\/wp-json\/wp\/v2\/posts\/153669\/revisions"}],"predecessor-version":[{"id":153671,"href":"https:\/\/corrientesdetarde.com\/index.php\/wp-json\/wp\/v2\/posts\/153669\/revisions\/153671"}],"wp:featuredmedia":[{"embeddable":true,"href":"https:\/\/corrientesdetarde.com\/index.php\/wp-json\/wp\/v2\/media\/153670"}],"wp:attachment":[{"href":"https:\/\/corrientesdetarde.com\/index.php\/wp-json\/wp\/v2\/media?parent=153669"}],"wp:term":[{"taxonomy":"category","embeddable":true,"href":"https:\/\/corrientesdetarde.com\/index.php\/wp-json\/wp\/v2\/categories?post=153669"},{"taxonomy":"post_tag","embeddable":true,"href":"https:\/\/corrientesdetarde.com\/index.php\/wp-json\/wp\/v2\/tags?post=153669"}],"curies":[{"name":"wp","href":"https:\/\/api.w.org\/{rel}","templated":true}]}}