{"id":153672,"date":"2024-07-18T23:06:50","date_gmt":"2024-07-19T02:06:50","guid":{"rendered":"https:\/\/corrientesdetarde.com\/?p=153672"},"modified":"2024-07-18T23:06:53","modified_gmt":"2024-07-19T02:06:53","slug":"bombazo-di-maria-aseguro-que-hay-gente-que-no-quiere-que-vuelva-a-rosario-central","status":"publish","type":"post","link":"https:\/\/corrientesdetarde.com\/index.php\/deportes\/bombazo-di-maria-aseguro-que-hay-gente-que-no-quiere-que-vuelva-a-rosario-central\/","title":{"rendered":"Bombazo: Di Mar\u00eda asegur\u00f3 que hay gente que no quiere que vuelva a Rosario Central"},"content":{"rendered":"\n<p>.El bicampe\u00f3n de Am\u00e9rica enfr\u00eda cada vez m\u00e1s su eventual retorno.<\/p>\n\n\n\n<p>El bicampe\u00f3n de Am\u00e9rica con la Selecci\u00f3n argentina<strong>&nbsp;\u00c1ngel Di Mar\u00eda comparti\u00f3 en su cuenta personal de Instagram que hay gente que no quiere su vuelta a Rosario Central<\/strong>&nbsp;para afrontar el actual semestre.<\/p>\n\n\n\n<p><strong>\u201cQu\u00e9 manera de hacer campa\u00f1a en contra m\u00eda. Por qu\u00e9 no se la agarran con los que no quieren que vuelva. Gracias\u201d,<\/strong>\u00a0expres\u00f3\u00a0<strong>Di Mar\u00eda<\/strong>\u00a0por medio de las historias de Instagram en donde revel\u00f3 este detalle en medio de la pol\u00e9mica por su regreso a Rosario Central.<\/p>\n\n\n\n<figure class=\"wp-block-image size-full\"><img loading=\"lazy\" decoding=\"async\" width=\"700\" height=\"427\" src=\"https:\/\/corrientesdetarde.com\/wp-content\/uploads\/2024\/07\/image-153.png\" alt=\"\" class=\"wp-image-153673\" srcset=\"https:\/\/corrientesdetarde.com\/wp-content\/uploads\/2024\/07\/image-153.png 700w, https:\/\/corrientesdetarde.com\/wp-content\/uploads\/2024\/07\/image-153-300x183.png 300w\" sizes=\"auto, (max-width: 700px) 100vw, 700px\" \/><\/figure>\n\n\n\n<p>Las palabras del atacante salieron a la luz a ra\u00edz de que comparti\u00f3 una publicaci\u00f3n de un medio partidario del Canalla en donde se asegur\u00f3 que&nbsp;<strong>&#8220;Di Mar\u00eda no quiso asistir&#8221;<\/strong>&nbsp;al encuentro de este fin de semana frente Sarmiento por la Liga Profesional.<\/p>\n\n\n\n<p>En este encuentro que se disputar\u00e1 este viernes 19 de julio a las 21 en el Gigante de Arroyito ser\u00e1 homenajeado otro de los bicampeones, Giovani Lo Celso, quien se form\u00f3 en &nbsp;las inferiores del club y recibir\u00e1 una distinci\u00f3n por parte del club rosarino.<\/p>\n\n\n\n<p>El mismo medio partidario tambi\u00e9n asegur\u00f3 que supuestamente Di Mar\u00eda&nbsp;<strong>&#8220;no responde mensajes de los dirigentes&#8221;<\/strong>&nbsp;y esto hace que estire su regreso al club. Por otro lado valor\u00f3 el esfuerzo de&nbsp;<strong>Lo Celso<\/strong>&nbsp;por estar presente en el club desde su llegada al pa\u00eds desde Estados Unidos.<\/p>\n\n\n\n<h3 class=\"wp-block-heading\">Qu\u00e9 hace Di Mar\u00eda<\/h3>\n\n\n\n<p>El futbolista&nbsp;<strong>\u00c1ngel Di Mar\u00eda,<\/strong>&nbsp;quien recientemente se despidi\u00f3 de la Selecci\u00f3n argentina tras consagrarse bicampe\u00f3n de la Copa Am\u00e9rica,<strong>&nbsp;se inscribi\u00f3 para hacer el curso de entrenador en la escuela de la Asociaci\u00f3n de T\u00e9cnicos de F\u00fatbol Argentino (ATFA)&nbsp;<\/strong>de la ciudad de Rosario pensando en su futuro cuando decida dejar de jugar profesionalmente.<\/p>\n\n\n\n<p>Seg\u00fan inform\u00f3 La Capital, desde la dirigencia de ATFA Rosario se mostraron sumamente entusiasmados y orgullosos de que&nbsp;<strong>Di Mar\u00eda<\/strong>&nbsp;haya elegido a la instituci\u00f3n para continuar su nexo con el f\u00fatbol desde otro \u00e1ngulo y as\u00ed lo reflej\u00f3 en su cuenta de Facebook Estela Picerni, profesora y coordinadora general de la instituci\u00f3n.<\/p>\n\n\n\n<p>\u201cCon enorme orgullo damos la bienvenida a nuestra Escuela al gran Angelito Di Mar\u00eda, que desea capacitarse con los mejores para ser un futuro DT argentino!!! Ya es un alumno oficialmente matriculado\u2026 GRACIAS POR ELEGIRNOS!!!!\u201d, expres\u00f3 junto a una foto del futbolista.<\/p>\n","protected":false},"excerpt":{"rendered":"<p>.El bicampe\u00f3n de Am\u00e9rica enfr\u00eda cada vez m\u00e1s su eventual retorno. El bicampe\u00f3n de Am\u00e9rica con la Selecci\u00f3n argentina&nbsp;\u00c1ngel Di Mar\u00eda comparti\u00f3 en su cuenta personal de Instagram que hay&hellip; <\/p>\n","protected":false},"author":4,"featured_media":153674,"comment_status":"closed","ping_status":"open","sticky":false,"template":"","format":"standard","meta":{"footnotes":""},"categories":[4],"tags":[],"class_list":["post-153672","post","type-post","status-publish","format-standard","has-post-thumbnail","hentry","category-deportes"],"_links":{"self":[{"href":"https:\/\/corrientesdetarde.com\/index.php\/wp-json\/wp\/v2\/posts\/153672","targetHints":{"allow":["GET"]}}],"collection":[{"href":"https:\/\/corrientesdetarde.com\/index.php\/wp-json\/wp\/v2\/posts"}],"about":[{"href":"https:\/\/corrientesdetarde.com\/index.php\/wp-json\/wp\/v2\/types\/post"}],"author":[{"embeddable":true,"href":"https:\/\/corrientesdetarde.com\/index.php\/wp-json\/wp\/v2\/users\/4"}],"replies":[{"embeddable":true,"href":"https:\/\/corrientesdetarde.com\/index.php\/wp-json\/wp\/v2\/comments?post=153672"}],"version-history":[{"count":1,"href":"https:\/\/corrientesdetarde.com\/index.php\/wp-json\/wp\/v2\/posts\/153672\/revisions"}],"predecessor-version":[{"id":153675,"href":"https:\/\/corrientesdetarde.com\/index.php\/wp-json\/wp\/v2\/posts\/153672\/revisions\/153675"}],"wp:featuredmedia":[{"embeddable":true,"href":"https:\/\/corrientesdetarde.com\/index.php\/wp-json\/wp\/v2\/media\/153674"}],"wp:attachment":[{"href":"https:\/\/corrientesdetarde.com\/index.php\/wp-json\/wp\/v2\/media?parent=153672"}],"wp:term":[{"taxonomy":"category","embeddable":true,"href":"https:\/\/corrientesdetarde.com\/index.php\/wp-json\/wp\/v2\/categories?post=153672"},{"taxonomy":"post_tag","embeddable":true,"href":"https:\/\/corrientesdetarde.com\/index.php\/wp-json\/wp\/v2\/tags?post=153672"}],"curies":[{"name":"wp","href":"https:\/\/api.w.org\/{rel}","templated":true}]}}